{"id":3330,"date":"2026-04-29T06:02:02","date_gmt":"2026-04-29T09:02:02","guid":{"rendered":"https:\/\/vagas.portalemprego.com.br\/?p=3330"},"modified":"2026-04-29T06:02:02","modified_gmt":"2026-04-29T09:02:02","slug":"entregador-de-alimentos-via-triciclo-rio-de-janeiro-comercial-vendas-niteroi","status":"publish","type":"post","link":"https:\/\/vagas.portalemprego.com.br\/?p=3330","title":{"rendered":"Entregador de Alimentos (Via Triciclo) | Rio de Janeiro &#8211; Comercial, Vendas &#8211; Niter\u00f3i"},"content":{"rendered":"<p>VEM\u00a0SER\u00a0NATURAL\u00a0DA\u00a0TERRA!\u00a0<br \/>\n\u00a0<br \/>\nSomos\u00a0o\u00a0vizinho\u00a0especialista\u00a0em\u00a0produtos\u00a0frescos\u00a0e\u00a0naturais,\u00a0com\u00a0qualidade\u00a0impec\u00e1vel\u00a0e\u00a0uma\u00a0experi\u00eancia\u00a0que\u00a0faz\u00a0o\u00a0cliente\u00a0se\u00a0sentir\u00a0em\u00a0casa.\u00a0<br \/>\nNossa\u00a0alma\u00a0\u00e9\u00a0de\u00a0feirante:\u00a0gostamos\u00a0de\u00a0conversar,\u00a0sorrir\u00a0e\u00a0oferecer\u00a0aquele\u00a0conforto\u00a0emocional\u00a0das\u00a0feiras\u00a0livres\u00a0da\u00a0inf\u00e2ncia,\u00a0com\u00a0um\u00a0atendimento\u00a0pr\u00f3ximo,\u00a0humano\u00a0e\u00a0cheio\u00a0de\u00a0alegria.\u00a0<br \/>\n\u00a0<br \/>\nTodos\u00a0os\u00a0dias\u00a0acordamos\u00a0com\u00a0um\u00a0\u00fanico\u00a0objetivo:\u00a0promover\u00a0uma\u00a0vida\u00a0mais\u00a0natural\u00a0\u2013\u00a0em\u00a0todos\u00a0os\u00a0sentidos.\u00a0<br \/>\nSe\u00a0voc\u00ea\u00a0tamb\u00e9m\u00a0acredita\u00a0nesse\u00a0prop\u00f3sito,\u00a0vem\u00a0com\u00a0a\u00a0gente!\u00a0<br \/>\n\u00a0<br \/>\nENTREGADOR(A)\u00a0<br \/>\nEscala:\u00a06X1\u00a0<br \/>\nTipo\u00a0de\u00a0contrato:\u00a0CLT\u00a0<br \/>\n\u00a0<br \/>\nATIVIDADES\u00a0DO\u00a0CARGO:\u00a0<br \/>\n&#8211;\u00a0Organizar\u00a0as\u00a0compras\u00a0no\u00a0triciclo\u00a0de\u00a0acordo\u00a0com\u00a0a\u00a0programa\u00e7\u00e3o,\u00a0manuseando\u00a0as\u00a0mercadorias\u00a0com\u00a0cuidado\u00a0para\u00a0n\u00e3o\u00a0sofrer\u00a0avaria,\u00a0e\u00a0garantir\u00a0a\u00a0correta\u00a0entrega\u00a0dos\u00a0produtos.\u00a0<br \/>\n&#8211;\u00a0Fazer\u00a0as\u00a0entregas,\u00a0conforme\u00a0orienta\u00e7\u00e3o\u00a0do\u00a0Fiscal\u00a0de\u00a0Caixa,\u00a0observando\u00a0as\u00a0regras\u00a0de\u00a0tr\u00e2nsito\u00a0e\u00a0normas\u00a0de\u00a0seguran\u00e7a,\u00a0zelando\u00a0pela\u00a0pr\u00f3pria\u00a0seguran\u00e7a\u00a0e\u00a0de\u00a0terceiros.\u00a0<br \/>\n&#8211;\u00a0Relatar\u00a0qualquer\u00a0anormalidade\u00a0para\u00a0controle\u00a0de\u00a0manuten\u00e7\u00e3o\u00a0preventiva\u00a0e\u00a0de\u00a0custo\u00a0do\u00a0triciclo.\u00a0<br \/>\n&#8211;\u00a0Auxiliar\u00a0na\u00a0descarga\u00a0e\u00a0organiza\u00e7\u00e3o\u00a0das\u00a0mercadorias,\u00a0respeitando\u00a0as\u00a0regras\u00a0de\u00a0empilhamento\u00a0e\u00a0organiza\u00e7\u00e3o.\u00a0<br \/>\n&#8211;\u00a0Ajudar\u00a0o\u00a0cliente\u00a0com\u00a0informa\u00e7\u00f5es,\u00a0sempre\u00a0que\u00a0solicitado,\u00a0garantindo\u00a0o\u00a0bom\u00a0atendimento.\u00a0<br \/>\n&#8211;\u00a0Atender\u00a0solicita\u00e7\u00f5es\u00a0dos\u00a0clientes,\u00a0desde\u00a0que\u00a0n\u00e3o\u00a0ofere\u00e7a\u00a0preju\u00edzo\u00a0ao\u00a0neg\u00f3cio\u00a0ou\u00a0infrinja\u00a0procedimentos\u00a0internos,\u00a0oferecendo\u00a0um\u00a0n\u00edvel\u00a0de\u00a0servi\u00e7o\u00a0diferenciado.\u00a0<br \/>\n&#8211;\u00a0Zelar\u00a0pela\u00a0seguran\u00e7a\u00a0e\u00a0bom\u00a0uso\u00a0dos\u00a0equipamentos,\u00a0manter\u00a0o\u00a0ambiente\u00a0de\u00a0trabalho\u00a0e\u00a0instrumentos\u00a0limpos\u00a0e\u00a0organizados,\u00a0cuidar\u00a0da\u00a0higiene\u00a0pessoal\u00a0e\u00a0uniforme,\u00a0de\u00a0acordo\u00a0com\u00a0a\u00a0legisla\u00e7\u00e3o\u00a0e\u00a0normas\u00a0vigentes.\u00a0<br \/>\n&#8211;\u00a0Executar\u00a0outras\u00a0atividades\u00a0correlatas,\u00a0conforme\u00a0necessidade\u00a0do\u00a0neg\u00f3cio\u00a0e\u00a0a\u00a0crit\u00e9rio\u00a0do\u00a0Gestor.\u00a0<br \/>\n\u00a0<br \/>\nREQUISITOS:\u00a0<br \/>\n\u2022\u00a0Ensino\u00a0m\u00e9dio\u00a0completo\u00a0<br \/>\n\u2022\u00a0Desej\u00e1vel experi\u00eancia anterior na fun\u00e7\u00e3o\u00a0<br \/>\n\u00a0<br \/>\nINCLUS\u00c3O\u00a0E\u00a0DIVERSIDADE\u00a0<br \/>\nTodas\u00a0as\u00a0nossas\u00a0vagas\u00a0s\u00e3o\u00a0abertas\u00a0para\u00a0pessoas\u00a0com\u00a0defici\u00eancia.\u00a0<br \/>\nValorizamos\u00a0a\u00a0diversidade\u00a0e\u00a0estamos\u00a0de\u00a0bra\u00e7os\u00a0abertos\u00a0para\u00a0todos\u00a0os\u00a0talentos,\u00a0independentemente\u00a0de\u00a0ra\u00e7a,\u00a0cor,\u00a0religi\u00e3o,\u00a0identidade\u00a0de\u00a0g\u00eanero\u00a0ou\u00a0orienta\u00e7\u00e3o\u00a0sexual.<\/p>\n<ul>\n<li>Local de trabalho: Niter\u00f3i, RJ<\/li>\n<li>Regime de contrata\u00e7\u00e3o de tipo: Efetivo \u2013 CLT<\/li>\n<li>Jornada: Per\u00edodo Integral<\/li>\n<li>\u00c1rea e especializa\u00e7\u00e3o profissional: Comercial, Vendas &#8211; Venda Externa<\/li>\n<li>N\u00edvel hier\u00e1rquico: Operacional<\/li>\n<\/ul>\n<p>VALORIZADO<\/p>\n<p>Tempo de experi\u00eancia: Entre 1 e 3 anos<\/p>\n<p>Escolaridade M\u00ednima: Ensino Fundamental (1\u00ba grau)<\/p>\n<ul>\n<li>Plano de sa\u00fade<\/li>\n<li>Plano dental<\/li>\n<li>Seguro de Vida<\/li>\n<li>Cesta b\u00e1sica<\/li>\n<li>Conv\u00eancio Farmacia<\/li>\n<li>Alimenta\u00e7\u00e3o no local<\/li>\n<li>Vale transporte<\/li>\n<\/ul>\n","protected":false},"excerpt":{"rendered":"<p>VEM\u00a0SER\u00a0NATURAL\u00a0DA\u00a0TERRA!\u00a0 \u00a0 Somos\u00a0o\u00a0vizinho\u00a0especialista\u00a0em\u00a0produtos\u00a0frescos\u00a0e\u00a0naturais,\u00a0com\u00a0qualidade\u00a0impec\u00e1vel\u00a0e\u00a0uma\u00a0experi\u00eancia\u00a0que\u00a0faz\u00a0o\u00a0cliente\u00a0se\u00a0sentir\u00a0em\u00a0casa.\u00a0 Nossa\u00a0alma\u00a0\u00e9\u00a0de\u00a0feirante:\u00a0gostamos\u00a0de\u00a0conversar,\u00a0sorrir\u00a0e\u00a0oferecer\u00a0aquele\u00a0conforto\u00a0emocional\u00a0das\u00a0feiras\u00a0livres\u00a0da\u00a0inf\u00e2ncia,\u00a0com\u00a0um\u00a0atendimento\u00a0pr\u00f3ximo,\u00a0humano\u00a0e\u00a0cheio\u00a0de\u00a0alegria.\u00a0 \u00a0 Todos\u00a0os\u00a0dias\u00a0acordamos\u00a0com\u00a0um\u00a0\u00fanico\u00a0objetivo:\u00a0promover\u00a0uma\u00a0vida\u00a0mais\u00a0natural\u00a0\u2013\u00a0em\u00a0todos\u00a0os\u00a0sentidos.\u00a0 Se\u00a0voc\u00ea\u00a0tamb\u00e9m\u00a0acredita\u00a0nesse\u00a0prop\u00f3sito,\u00a0vem\u00a0com\u00a0a\u00a0gente!\u00a0 \u00a0 ENTREGADOR(A)\u00a0 Escala:\u00a06X1\u00a0 Tipo\u00a0de\u00a0contrato:\u00a0CLT\u00a0 \u00a0 ATIVIDADES\u00a0DO\u00a0CARGO:\u00a0 &#8211;\u00a0Organizar\u00a0as\u00a0compras\u00a0no\u00a0triciclo\u00a0de\u00a0acordo\u00a0com\u00a0a\u00a0programa\u00e7\u00e3o,\u00a0manuseando\u00a0as\u00a0mercadorias\u00a0com\u00a0cuidado\u00a0para\u00a0n\u00e3o\u00a0sofrer\u00a0avaria,\u00a0e\u00a0garantir\u00a0a\u00a0correta\u00a0entrega\u00a0dos\u00a0produtos.\u00a0 &#8211;\u00a0Fazer\u00a0as\u00a0entregas,\u00a0conforme\u00a0orienta\u00e7\u00e3o\u00a0do\u00a0Fiscal\u00a0de\u00a0Caixa,\u00a0observando\u00a0as\u00a0regras\u00a0de\u00a0tr\u00e2nsito\u00a0e\u00a0normas\u00a0de\u00a0seguran\u00e7a,\u00a0zelando\u00a0pela\u00a0pr\u00f3pria\u00a0seguran\u00e7a\u00a0e\u00a0de\u00a0terceiros.\u00a0 &#8211;\u00a0Relatar\u00a0qualquer\u00a0anormalidade\u00a0para\u00a0controle\u00a0de\u00a0manuten\u00e7\u00e3o\u00a0preventiva\u00a0e\u00a0de\u00a0custo\u00a0do\u00a0triciclo.\u00a0 &#8211;\u00a0Auxiliar\u00a0na\u00a0descarga\u00a0e\u00a0organiza\u00e7\u00e3o\u00a0das\u00a0mercadorias,\u00a0respeitando\u00a0as\u00a0regras\u00a0de\u00a0empilhamento\u00a0e\u00a0organiza\u00e7\u00e3o.\u00a0 &#8211;\u00a0Ajudar\u00a0o\u00a0cliente\u00a0com\u00a0informa\u00e7\u00f5es,\u00a0sempre\u00a0que\u00a0solicitado,\u00a0garantindo\u00a0o\u00a0bom\u00a0atendimento.\u00a0 &#8211;\u00a0Atender\u00a0solicita\u00e7\u00f5es\u00a0dos\u00a0clientes,\u00a0desde\u00a0que\u00a0n\u00e3o\u00a0ofere\u00e7a\u00a0preju\u00edzo\u00a0ao\u00a0neg\u00f3cio\u00a0ou\u00a0infrinja\u00a0procedimentos\u00a0internos,\u00a0oferecendo\u00a0um\u00a0n\u00edvel\u00a0de\u00a0servi\u00e7o\u00a0diferenciado.\u00a0 &#8211;\u00a0Zelar\u00a0pela\u00a0seguran\u00e7a\u00a0e\u00a0bom\u00a0uso\u00a0dos\u00a0equipamentos,\u00a0manter\u00a0o\u00a0ambiente\u00a0de\u00a0trabalho\u00a0e\u00a0instrumentos\u00a0limpos\u00a0e\u00a0organizados,\u00a0cuidar\u00a0da\u00a0higiene\u00a0pessoal\u00a0e\u00a0uniforme,\u00a0de\u00a0acordo\u00a0com\u00a0a\u00a0legisla\u00e7\u00e3o\u00a0e\u00a0normas\u00a0vigentes.\u00a0 &#8211;\u00a0Executar\u00a0outras\u00a0atividades\u00a0correlatas,\u00a0conforme\u00a0necessidade\u00a0do\u00a0neg\u00f3cio\u00a0e\u00a0a\u00a0crit\u00e9rio\u00a0do\u00a0Gestor.\u00a0 \u00a0 REQUISITOS:\u00a0 \u2022\u00a0Ensino\u00a0m\u00e9dio\u00a0completo\u00a0 \u2022\u00a0Desej\u00e1vel experi\u00eancia anterior na fun\u00e7\u00e3o\u00a0 \u00a0 INCLUS\u00c3O\u00a0E\u00a0DIVERSIDADE\u00a0 Todas\u00a0as\u00a0nossas\u00a0vagas\u00a0s\u00e3o\u00a0abertas\u00a0para\u00a0pessoas\u00a0com\u00a0defici\u00eancia.\u00a0 Valorizamos\u00a0a\u00a0diversidade\u00a0e\u00a0estamos\u00a0de\u00a0bra\u00e7os\u00a0abertos\u00a0para\u00a0todos\u00a0os\u00a0talentos,\u00a0independentemente\u00a0de\u00a0ra\u00e7a,\u00a0cor,\u00a0religi\u00e3o,\u00a0identidade\u00a0de\u00a0g\u00eanero\u00a0ou\u00a0orienta\u00e7\u00e3o\u00a0sexual. Local de trabalho: Niter\u00f3i, RJ Regime de contrata\u00e7\u00e3o de tipo: Efetivo \u2013 CLT Jornada: Per\u00edodo Integral \u00c1rea e especializa\u00e7\u00e3o profissional: Comercial, Vendas [&hellip;]<\/p>\n","protected":false},"author":1,"featured_media":0,"comment_status":"open","ping_status":"open","sticky":false,"template":"","format":"standard","meta":{"footnotes":""},"categories":[21],"tags":[],"class_list":["post-3330","post","type-post","status-publish","format-standard","hentry","category-rio-de-janeiro-rj"],"_links":{"self":[{"href":"https:\/\/vagas.portalemprego.com.br\/index.php?rest_route=\/wp\/v2\/posts\/3330","targetHints":{"allow":["GET"]}}],"collection":[{"href":"https:\/\/vagas.portalemprego.com.br\/index.php?rest_route=\/wp\/v2\/posts"}],"about":[{"href":"https:\/\/vagas.portalemprego.com.br\/index.php?rest_route=\/wp\/v2\/types\/post"}],"author":[{"embeddable":true,"href":"https:\/\/vagas.portalemprego.com.br\/index.php?rest_route=\/wp\/v2\/users\/1"}],"replies":[{"embeddable":true,"href":"https:\/\/vagas.portalemprego.com.br\/index.php?rest_route=%2Fwp%2Fv2%2Fcomments&post=3330"}],"version-history":[{"count":0,"href":"https:\/\/vagas.portalemprego.com.br\/index.php?rest_route=\/wp\/v2\/posts\/3330\/revisions"}],"wp:attachment":[{"href":"https:\/\/vagas.portalemprego.com.br\/index.php?rest_route=%2Fwp%2Fv2%2Fmedia&parent=3330"}],"wp:term":[{"taxonomy":"category","embeddable":true,"href":"https:\/\/vagas.portalemprego.com.br\/index.php?rest_route=%2Fwp%2Fv2%2Fcategories&post=3330"},{"taxonomy":"post_tag","embeddable":true,"href":"https:\/\/vagas.portalemprego.com.br\/index.php?rest_route=%2Fwp%2Fv2%2Ftags&post=3330"}],"curies":[{"name":"wp","href":"https:\/\/api.w.org\/{rel}","templated":true}]}}