{"id":3334,"date":"2026-04-29T06:02:02","date_gmt":"2026-04-29T09:02:02","guid":{"rendered":"https:\/\/vagas.portalemprego.com.br\/?p=3334"},"modified":"2026-04-29T06:02:02","modified_gmt":"2026-04-29T09:02:02","slug":"degustadora-zona-norte-rio-de-janeiro-comercial-vendas-rio-de-janeiro","status":"publish","type":"post","link":"https:\/\/vagas.portalemprego.com.br\/?p=3334","title":{"rendered":"Degustadora &#8211; Zona Norte Rio de Janeiro &#8211; Comercial, Vendas &#8211; Rio de Janeiro"},"content":{"rendered":"<p>Profissional respons\u00e1vel por realizar a\u00e7\u00f5es de degusta\u00e7\u00e3o e demonstra\u00e7\u00e3o de produtos em pontos de venda, promovendo a marca e incentivando a experimenta\u00e7\u00e3o por parte dos clientes. Atuar\u00e1 diretamente na abordagem ao consumidor, apresentando os produtos, explicando suas caracter\u00edsticas, diferenciais e benef\u00edcios, al\u00e9m de esclarecer d\u00favidas para estimular a decis\u00e3o de compra.<br \/>\nTamb\u00e9m ser\u00e1 respons\u00e1vel pela organiza\u00e7\u00e3o e montagem do ponto de degusta\u00e7\u00e3o, controle de materiais e insumos utilizados na a\u00e7\u00e3o, reposi\u00e7\u00e3o de produtos quando necess\u00e1rio e manuten\u00e7\u00e3o da limpeza e boa apresenta\u00e7\u00e3o do espa\u00e7o de trabalho. Espera-se uma postura comunicativa, proativa e com foco em atendimento ao cliente, contribuindo para fortalecer a visibilidade da marca dentro da loja.<br \/>\nVaga tempor\u00e1ria com possibilidade de efetiva\u00e7\u00e3o.<br \/>\nNecess\u00e1rio possuir experi\u00eancia profissional anterior como degustadora ou demonstradora.<\/p>\n<ul>\n<li>Local de trabalho: Rio de Janeiro, RJ<\/li>\n<li>Regime de contrata\u00e7\u00e3o de tipo: Tempor\u00e1rio<\/li>\n<li>Jornada: Per\u00edodo Integral<\/li>\n<li>\u00c1rea e especializa\u00e7\u00e3o profissional: Comercial, Vendas &#8211; Demonstrador \/ Promotor<\/li>\n<li>N\u00edvel hier\u00e1rquico: Operacional<\/li>\n<\/ul>\n<p>Escolaridade M\u00ednima: Ensino M\u00e9dio (2\u00ba Grau)<\/p>\n<ul>\n<li>Vale Refei\u00e7\u00e3o<\/li>\n<li>Cesta b\u00e1sica<\/li>\n<li>Vale Transporte<\/li>\n<\/ul>\n<p>Sal\u00e1rio: 1805,43<\/p>\n","protected":false},"excerpt":{"rendered":"<p>Profissional respons\u00e1vel por realizar a\u00e7\u00f5es de degusta\u00e7\u00e3o e demonstra\u00e7\u00e3o de produtos em pontos de venda, promovendo a marca e incentivando a experimenta\u00e7\u00e3o por parte dos clientes. Atuar\u00e1 diretamente na abordagem ao consumidor, apresentando os produtos, explicando suas caracter\u00edsticas, diferenciais e benef\u00edcios, al\u00e9m de esclarecer d\u00favidas para estimular a decis\u00e3o de compra. Tamb\u00e9m ser\u00e1 respons\u00e1vel pela [&hellip;]<\/p>\n","protected":false},"author":1,"featured_media":0,"comment_status":"open","ping_status":"open","sticky":false,"template":"","format":"standard","meta":{"footnotes":""},"categories":[21],"tags":[],"class_list":["post-3334","post","type-post","status-publish","format-standard","hentry","category-rio-de-janeiro-rj"],"_links":{"self":[{"href":"https:\/\/vagas.portalemprego.com.br\/index.php?rest_route=\/wp\/v2\/posts\/3334","targetHints":{"allow":["GET"]}}],"collection":[{"href":"https:\/\/vagas.portalemprego.com.br\/index.php?rest_route=\/wp\/v2\/posts"}],"about":[{"href":"https:\/\/vagas.portalemprego.com.br\/index.php?rest_route=\/wp\/v2\/types\/post"}],"author":[{"embeddable":true,"href":"https:\/\/vagas.portalemprego.com.br\/index.php?rest_route=\/wp\/v2\/users\/1"}],"replies":[{"embeddable":true,"href":"https:\/\/vagas.portalemprego.com.br\/index.php?rest_route=%2Fwp%2Fv2%2Fcomments&post=3334"}],"version-history":[{"count":0,"href":"https:\/\/vagas.portalemprego.com.br\/index.php?rest_route=\/wp\/v2\/posts\/3334\/revisions"}],"wp:attachment":[{"href":"https:\/\/vagas.portalemprego.com.br\/index.php?rest_route=%2Fwp%2Fv2%2Fmedia&parent=3334"}],"wp:term":[{"taxonomy":"category","embeddable":true,"href":"https:\/\/vagas.portalemprego.com.br\/index.php?rest_route=%2Fwp%2Fv2%2Fcategories&post=3334"},{"taxonomy":"post_tag","embeddable":true,"href":"https:\/\/vagas.portalemprego.com.br\/index.php?rest_route=%2Fwp%2Fv2%2Ftags&post=3334"}],"curies":[{"name":"wp","href":"https:\/\/api.w.org\/{rel}","templated":true}]}}