{"id":3335,"date":"2026-04-29T06:02:02","date_gmt":"2026-04-29T09:02:02","guid":{"rendered":"https:\/\/vagas.portalemprego.com.br\/?p=3335"},"modified":"2026-04-29T06:02:02","modified_gmt":"2026-04-29T09:02:02","slug":"mecanico-de-bicicletas-construcao-manutencao-rio-de-janeiro","status":"publish","type":"post","link":"https:\/\/vagas.portalemprego.com.br\/?p=3335","title":{"rendered":"Mec\u00e2nico de Bicicletas &#8211; Constru\u00e7\u00e3o, Manuten\u00e7\u00e3o &#8211; Rio de Janeiro"},"content":{"rendered":"<p>Quer trabalhar na maior empresa de bikes el\u00e9tricas do Brasil?<\/p>\n<p>Nascemos em 2010, no Rio de Janeiro.<br \/>\nA nossa miss\u00e3o desde ent\u00e3o \u00e9 fazer com que as pessoas reflitam sobre os seus h\u00e1bitos.<br \/>\nE n\u00e3o apenas os h\u00e1bitos relacionados \u00e0 mobilidade urbana.<br \/>\nQueremos que as pessoas olhem mais ao seu redor.<br \/>\nComo voc\u00ea leva a sua vida?<br \/>\nQual \u00e9 a sua rela\u00e7\u00e3o com a natureza, com o tempo, com o seu trabalho, fam\u00edlia e amigos?<br \/>\nA nossa marca n\u00e3o \u00e9 apenas sobre bicicletas el\u00e9tricas.<br \/>\nA Lev \u00e9 sobre escolhas, como escolher o caminho mais bonito em vez do mais r\u00e1pido.<br \/>\nE por falar em caminho, que ele seja sempre a melhor parte.<\/p>\n<p>Muito prazer, n\u00f3s somos a Lev.<\/p>\n<p>Informa\u00e7\u00f5es adicionais:<br \/>\n-Precisou trabalhar al\u00e9m do seu hor\u00e1rio habitual? Temos Banco de horas para que use essas horas.<br \/>\n-Oferecemos o Ifood Benef\u00edcios, nosso Vale Refei\u00e7\u00e3o\/Alimenta\u00e7\u00e3o mensal.<br \/>\n-Para o deslocamento para o trabalho, oferecemos Vale-Transporte ou Auxilio Combustivel.<br \/>\n-Oferecemos Plano de Saude e Odontol\u00f3gico, ap\u00f3s 3 meses da admiss\u00e3o<br \/>\n-Para as mam\u00e3es e papais \u2018de plant\u00e3o\u2019, temos o Aux\u00edlio Creche;<br \/>\n-Curte treinar? Oferecemos Totalpass para voc\u00ea e mais 3 dependentes! Porque malhar sozinho \u00e9 muito chato, n\u00e9?<br \/>\n-Benef\u00edcios Creditas: rede de empr\u00e9stimo consignado, eleg\u00edvel para solicitar ap\u00f3s 3 meses da admiss\u00e3o.<br \/>\n-Quer aprimorar seus estudos? Oferecemos auxilio educa\u00e7\u00e3o, ap\u00f3s 6 meses de admiss\u00e3o, onde a LEV paga 50% do seu curso\/faculdade\/p\u00f3s gradua\u00e7\u00e3o.<br \/>\n-Oferecemos a possibilidade de troca de VT pela bike, para sua locomo\u00e7\u00e3o casa\/trabalho e trabalho\/casa, ap\u00f3s 6 meses da admiss\u00e3o.<\/p>\n<p>Etapas do Processo Seletivo:<br \/>\nTriagem de curr\u00edculos: nesse primeiro iremos analisar o seu curr\u00edculo de acordo com os requisitos necess\u00e1rios para a vaga;<br \/>\nEntrevista do Talent Acquisition: um de nossos recrutadores agendar\u00e1 uma entrevista por compet\u00eancias e fit cultural, al\u00e9m de ser uma oportunidade para voc\u00ea conhecer mais sobre a empresa!;<br \/>\nEntrevista com Lideran\u00e7a: avaliar mais profundamente sua experi\u00eancia profissional e habilidades t\u00e9cnicas. A lideran\u00e7a tamb\u00e9m poder\u00e1 tirar suas d\u00favidas sobre a posi\u00e7\u00e3o;<\/p>\n<p>Atividades:<br \/>\nDiagn\u00f3stico de problemas mec\u00e2nicos e el\u00e9tricos em bicicletas el\u00e9tricas<br \/>\nReparos de motores, baterias e sistemas el\u00e9tricos<br \/>\nSubstitui\u00e7\u00e3o de componentes danificados ou desgastados<br \/>\nManuten\u00e7\u00e3o preventiva de sistemas mec\u00e2nicos e el\u00e9tricos<br \/>\nTestes de funcionamento ap\u00f3s reparos<br \/>\nOrienta\u00e7\u00e3o ao cliente sobre o uso e a manuten\u00e7\u00e3o adequada da bicicleta<br \/>\nMontagem e ajuste de bicicletas el\u00e9tricas novas<br \/>\nControle de qualidade das pe\u00e7as e componentes<br \/>\nSer\u00e1 um diferencial ter experi\u00eancia com bicicleta el\u00e9trica<\/p>\n<ul>\n<li>N\u00famero de vagas: 4<\/li>\n<li>Local de trabalho: Rio de Janeiro, RJ<\/li>\n<li>Regime de contrata\u00e7\u00e3o de tipo: Efetivo \u2013 CLT<\/li>\n<li>Jornada: Per\u00edodo Integral<\/li>\n<li>\u00c1rea e especializa\u00e7\u00e3o profissional: Constru\u00e7\u00e3o, Manuten\u00e7\u00e3o &#8211; Manuten\u00e7\u00e3o Mec\u00e2nica<\/li>\n<li>N\u00edvel hier\u00e1rquico: Assistente<\/li>\n<\/ul>\n<p>VALORIZADO<\/p>\n<p>Tempo de experi\u00eancia: Entre 3 e 5 anos<\/p>\n<p>Escolaridade M\u00ednima: Ensino M\u00e9dio (2\u00ba Grau)<\/p>\n<p>Disponibilidade para viajar<\/p>\n<ul>\n<li>totalpass<\/li>\n<li>vr<\/li>\n<li>plano odontologico<\/li>\n<li>auxilio educa\u00e7ao<\/li>\n<li>vt<\/li>\n<li>auxilio creche<\/li>\n<li>convenio SESC<\/li>\n<li>seguro de vida<\/li>\n<li>plano de saude<\/li>\n<\/ul>\n<p>Sal\u00e1rio: 2535,0<\/p>\n","protected":false},"excerpt":{"rendered":"<p>Quer trabalhar na maior empresa de bikes el\u00e9tricas do Brasil? Nascemos em 2010, no Rio de Janeiro. A nossa miss\u00e3o desde ent\u00e3o \u00e9 fazer com que as pessoas reflitam sobre os seus h\u00e1bitos. E n\u00e3o apenas os h\u00e1bitos relacionados \u00e0 mobilidade urbana. Queremos que as pessoas olhem mais ao seu redor. Como voc\u00ea leva a [&hellip;]<\/p>\n","protected":false},"author":1,"featured_media":0,"comment_status":"open","ping_status":"open","sticky":false,"template":"","format":"standard","meta":{"footnotes":""},"categories":[21],"tags":[],"class_list":["post-3335","post","type-post","status-publish","format-standard","hentry","category-rio-de-janeiro-rj"],"_links":{"self":[{"href":"https:\/\/vagas.portalemprego.com.br\/index.php?rest_route=\/wp\/v2\/posts\/3335","targetHints":{"allow":["GET"]}}],"collection":[{"href":"https:\/\/vagas.portalemprego.com.br\/index.php?rest_route=\/wp\/v2\/posts"}],"about":[{"href":"https:\/\/vagas.portalemprego.com.br\/index.php?rest_route=\/wp\/v2\/types\/post"}],"author":[{"embeddable":true,"href":"https:\/\/vagas.portalemprego.com.br\/index.php?rest_route=\/wp\/v2\/users\/1"}],"replies":[{"embeddable":true,"href":"https:\/\/vagas.portalemprego.com.br\/index.php?rest_route=%2Fwp%2Fv2%2Fcomments&post=3335"}],"version-history":[{"count":0,"href":"https:\/\/vagas.portalemprego.com.br\/index.php?rest_route=\/wp\/v2\/posts\/3335\/revisions"}],"wp:attachment":[{"href":"https:\/\/vagas.portalemprego.com.br\/index.php?rest_route=%2Fwp%2Fv2%2Fmedia&parent=3335"}],"wp:term":[{"taxonomy":"category","embeddable":true,"href":"https:\/\/vagas.portalemprego.com.br\/index.php?rest_route=%2Fwp%2Fv2%2Fcategories&post=3335"},{"taxonomy":"post_tag","embeddable":true,"href":"https:\/\/vagas.portalemprego.com.br\/index.php?rest_route=%2Fwp%2Fv2%2Ftags&post=3335"}],"curies":[{"name":"wp","href":"https:\/\/api.w.org\/{rel}","templated":true}]}}