{"id":3336,"date":"2026-04-29T06:02:02","date_gmt":"2026-04-29T09:02:02","guid":{"rendered":"https:\/\/vagas.portalemprego.com.br\/?p=3336"},"modified":"2026-04-29T06:02:02","modified_gmt":"2026-04-29T09:02:02","slug":"assistente-de-catalogacao-tecnica-temporario-comunicacao-tv-cinema-rio-de-janeiro","status":"publish","type":"post","link":"https:\/\/vagas.portalemprego.com.br\/?p=3336","title":{"rendered":"Assistente de Cataloga\u00e7\u00e3o T\u00e9cnica &#8211; TEMPOR\u00c1RIO &#8211; Comunica\u00e7\u00e3o, TV, Cinema &#8211; Rio de Janeiro"},"content":{"rendered":"<p>A Gi Group, em parceria com uma empresa do segmento de saneamento, est\u00e1 com vaga aberta para atua\u00e7\u00e3o no processo de cria\u00e7\u00e3o e padroniza\u00e7\u00e3o do cat\u00e1logo de materiais do almoxarifado, com foco em organiza\u00e7\u00e3o, qualidade e melhoria cont\u00ednua.<\/p>\n<p>Principais responsabilidades:<br \/>\nRegistro fotogr\u00e1fico dos materiais do almoxarifado;<br \/>\nPreenchimento de descri\u00e7\u00f5es t\u00e9cnicas e demais informa\u00e7\u00f5es em plataforma digital;<br \/>\nAplica\u00e7\u00e3o de normas internas relacionadas \u00e0 Qualidade, Meio Ambiente, Compliance e Sa\u00fade e Seguran\u00e7a;<br \/>\nOrganiza\u00e7\u00e3o e estrutura\u00e7\u00e3o do cat\u00e1logo de forma padronizada.<\/p>\n<p>Requisitos obrigat\u00f3rios:<br \/>\nExperi\u00eancia na cria\u00e7\u00e3o e atualiza\u00e7\u00e3o de cat\u00e1logos t\u00e9cnicos de materiais;<br \/>\nViv\u00eancia com plataformas digitais e sistemas de gest\u00e3o;<br \/>\nAten\u00e7\u00e3o a detalhes t\u00e9cnicos e visuais para garantir consist\u00eancia e rastreabilidade.<\/p>\n<p>Forma\u00e7\u00e3o: Ensino m\u00e9dio completo Desej\u00e1vel: Curso t\u00e9cnico ou tecn\u00f3logo cursando em \u00e1reas correlatas<\/p>\n<p>Perfil desejado: Agilidade, aten\u00e7\u00e3o aos detalhes, boa comunica\u00e7\u00e3o, capacidade de an\u00e1lise, flexibilidade, proatividade, organiza\u00e7\u00e3o, trabalho em equipe e senso de dono<\/p>\n<p>Mais informa\u00e7\u00f5es:<br \/>\nTempor\u00e1rio por 90 dias.<br \/>\nLocal: Rio de Janeiro &#8211; RJ (\u00a0Barra da Tijuca)<br \/>\nHor\u00e1rio: 8h \u00e0s 17:48 de segunda-feira a sexta-feira.<br \/>\nSal\u00e1rio e benef\u00edcios de acordo com o mercado de trabalho.<\/p>\n<p>Candidate-se e fa\u00e7a parte de um projeto com impacto direto na efici\u00eancia e padroniza\u00e7\u00e3o dos processos operacionais.<\/p>\n<ul>\n<li>Local de trabalho: Rio de Janeiro, RJ<\/li>\n<li>Regime de contrata\u00e7\u00e3o de tipo: Tempor\u00e1rio<\/li>\n<li>Jornada: Per\u00edodo Integral<\/li>\n<li>\u00c1rea e especializa\u00e7\u00e3o profissional: Comunica\u00e7\u00e3o, TV, Cinema &#8211; Audiovisual<\/li>\n<li>N\u00edvel hier\u00e1rquico: Assistente<\/li>\n<\/ul>\n<p>VALORIZADO<\/p>\n<p>Tempo de experi\u00eancia: Entre 1 e 3 anos<\/p>\n<p>Escolaridade M\u00ednima: Curso T\u00e9cnico<\/p>\n","protected":false},"excerpt":{"rendered":"<p>A Gi Group, em parceria com uma empresa do segmento de saneamento, est\u00e1 com vaga aberta para atua\u00e7\u00e3o no processo de cria\u00e7\u00e3o e padroniza\u00e7\u00e3o do cat\u00e1logo de materiais do almoxarifado, com foco em organiza\u00e7\u00e3o, qualidade e melhoria cont\u00ednua. Principais responsabilidades: Registro fotogr\u00e1fico dos materiais do almoxarifado; Preenchimento de descri\u00e7\u00f5es t\u00e9cnicas e demais informa\u00e7\u00f5es em plataforma [&hellip;]<\/p>\n","protected":false},"author":1,"featured_media":0,"comment_status":"open","ping_status":"open","sticky":false,"template":"","format":"standard","meta":{"footnotes":""},"categories":[21],"tags":[],"class_list":["post-3336","post","type-post","status-publish","format-standard","hentry","category-rio-de-janeiro-rj"],"_links":{"self":[{"href":"https:\/\/vagas.portalemprego.com.br\/index.php?rest_route=\/wp\/v2\/posts\/3336","targetHints":{"allow":["GET"]}}],"collection":[{"href":"https:\/\/vagas.portalemprego.com.br\/index.php?rest_route=\/wp\/v2\/posts"}],"about":[{"href":"https:\/\/vagas.portalemprego.com.br\/index.php?rest_route=\/wp\/v2\/types\/post"}],"author":[{"embeddable":true,"href":"https:\/\/vagas.portalemprego.com.br\/index.php?rest_route=\/wp\/v2\/users\/1"}],"replies":[{"embeddable":true,"href":"https:\/\/vagas.portalemprego.com.br\/index.php?rest_route=%2Fwp%2Fv2%2Fcomments&post=3336"}],"version-history":[{"count":0,"href":"https:\/\/vagas.portalemprego.com.br\/index.php?rest_route=\/wp\/v2\/posts\/3336\/revisions"}],"wp:attachment":[{"href":"https:\/\/vagas.portalemprego.com.br\/index.php?rest_route=%2Fwp%2Fv2%2Fmedia&parent=3336"}],"wp:term":[{"taxonomy":"category","embeddable":true,"href":"https:\/\/vagas.portalemprego.com.br\/index.php?rest_route=%2Fwp%2Fv2%2Fcategories&post=3336"},{"taxonomy":"post_tag","embeddable":true,"href":"https:\/\/vagas.portalemprego.com.br\/index.php?rest_route=%2Fwp%2Fv2%2Ftags&post=3336"}],"curies":[{"name":"wp","href":"https:\/\/api.w.org\/{rel}","templated":true}]}}