{"id":3339,"date":"2026-04-29T06:02:02","date_gmt":"2026-04-29T09:02:02","guid":{"rendered":"https:\/\/vagas.portalemprego.com.br\/?p=3339"},"modified":"2026-04-29T06:02:02","modified_gmt":"2026-04-29T09:02:02","slug":"mestre-de-obras-ii-construcao-manutencao-rio-de-janeiro","status":"publish","type":"post","link":"https:\/\/vagas.portalemprego.com.br\/?p=3339","title":{"rendered":"Mestre de Obras II &#8211; Constru\u00e7\u00e3o, Manuten\u00e7\u00e3o &#8211; Rio de Janeiro"},"content":{"rendered":"<p>Descri\u00e7\u00e3o da vaga<br \/>\nComo Mestre de Obras voc\u00ea ir\u00e1 atuar na \u00e1rea t\u00e9cnica, orientar e supervisionar a execu\u00e7\u00e3o de um conjunto de servi\u00e7os sob sua responsabilidade no canteiro de obra, atrav\u00e9s da leitura de projetos, gest\u00e3o de quipe e planejamento dos servi\u00e7oes de acordo com o cronograma de obra, com o objetivo de assegurar o cumprimento das entregas com qualidade e conforme planejamento da obra.<br \/>\nResponsabilidades e atribui\u00e7\u00f5es:\u00a0<br \/>\nPlanejar e acompanhar o andamento f\u00edsico da obra garantindo a execu\u00e7\u00e3o correta das atividades conforme cronograma definido.<br \/>\nEfetuar a confer\u00eancia das atividades executadas pela equipe garantindo a qualidade dos servi\u00e7os.<br \/>\nVerificar projetos e assegurar que os servi\u00e7os sejam executados de modo correto e com qualidade.<br \/>\nGerir a equipe realizando desdobramentos de melhorias na execu\u00e7\u00e3o dos servi\u00e7os e feedbacks juntamente com o gestor da obra, a fim de assegurar o melhor fluxo de trabalho e qualidade dos servi\u00e7os.<br \/>\nVerificar os materiais utilizados pela equipe e conferir se est\u00e3o conforme IT&#8217;s e homologados afim de garantir a qualidade dos servi\u00e7os.<br \/>\nAssegurar a organiza\u00e7\u00e3o e limpeza do canteiro, com o objetivo de facilitar a log\u00edstica e eliminar os riscos de acidentes aos colaboradores.<br \/>\nAcompanhar e assegurar a gest\u00e3o de res\u00edduos e limpeza do canteiro a fim de garantir o correto descarte e organiza\u00e7\u00e3o.<br \/>\nRequisitos e qualifica\u00e7\u00f5es:\u00a0<br \/>\nDesej\u00e1vel Ensino Fundamental;<br \/>\nExperi\u00eancia na fun\u00e7\u00e3o e leitura de projetos.<br \/>\nInforma\u00e7\u00f5es adicionais:\u00a0<br \/>\nDay off de anivers\u00e1rio;<br \/>\nVale refei\u00e7\u00e3o e vale transporte;<br \/>\nPlano de sa\u00fade, odontol\u00f3gico e seguro de vida;<br \/>\nAux\u00edlio creche at\u00e9 os 2 anos do beb\u00ea;<br \/>\nLicen\u00e7a paternidade estendida;<br \/>\nClube de parcerias;<\/p>\n<ul>\n<li>N\u00famero de vagas: 2<\/li>\n<li>Local de trabalho: Rio de Janeiro, RJ<\/li>\n<li>Regime de contrata\u00e7\u00e3o de tipo: Efetivo \u2013 CLT<\/li>\n<li>Jornada: Per\u00edodo Integral<\/li>\n<li>\u00c1rea e especializa\u00e7\u00e3o profissional: Constru\u00e7\u00e3o, Manuten\u00e7\u00e3o &#8211; Constru\u00e7\u00e3o Civil<\/li>\n<li>N\u00edvel hier\u00e1rquico: Encarregado<\/li>\n<\/ul>\n<p>VALORIZADO<\/p>\n<p>Tempo de experi\u00eancia: Entre 5 e 10 anos<\/p>\n<p>HABILIDADES<\/p>\n<ul>\n<li>Execu\u00e7\u00e3o<\/li>\n<li>Manuten\u00e7\u00e3o de infraestruturas<\/li>\n<li>Fibra \u00f3tica<\/li>\n<li>Gerenciamento de equipe<\/li>\n<li>Supervis\u00e3o<\/li>\n<\/ul>\n<p>Escolaridade M\u00ednima: Ensino Fundamental (1\u00ba grau)<\/p>\n","protected":false},"excerpt":{"rendered":"<p>Descri\u00e7\u00e3o da vaga Como Mestre de Obras voc\u00ea ir\u00e1 atuar na \u00e1rea t\u00e9cnica, orientar e supervisionar a execu\u00e7\u00e3o de um conjunto de servi\u00e7os sob sua responsabilidade no canteiro de obra, atrav\u00e9s da leitura de projetos, gest\u00e3o de quipe e planejamento dos servi\u00e7oes de acordo com o cronograma de obra, com o objetivo de assegurar o [&hellip;]<\/p>\n","protected":false},"author":1,"featured_media":0,"comment_status":"open","ping_status":"open","sticky":false,"template":"","format":"standard","meta":{"footnotes":""},"categories":[21],"tags":[],"class_list":["post-3339","post","type-post","status-publish","format-standard","hentry","category-rio-de-janeiro-rj"],"_links":{"self":[{"href":"https:\/\/vagas.portalemprego.com.br\/index.php?rest_route=\/wp\/v2\/posts\/3339","targetHints":{"allow":["GET"]}}],"collection":[{"href":"https:\/\/vagas.portalemprego.com.br\/index.php?rest_route=\/wp\/v2\/posts"}],"about":[{"href":"https:\/\/vagas.portalemprego.com.br\/index.php?rest_route=\/wp\/v2\/types\/post"}],"author":[{"embeddable":true,"href":"https:\/\/vagas.portalemprego.com.br\/index.php?rest_route=\/wp\/v2\/users\/1"}],"replies":[{"embeddable":true,"href":"https:\/\/vagas.portalemprego.com.br\/index.php?rest_route=%2Fwp%2Fv2%2Fcomments&post=3339"}],"version-history":[{"count":0,"href":"https:\/\/vagas.portalemprego.com.br\/index.php?rest_route=\/wp\/v2\/posts\/3339\/revisions"}],"wp:attachment":[{"href":"https:\/\/vagas.portalemprego.com.br\/index.php?rest_route=%2Fwp%2Fv2%2Fmedia&parent=3339"}],"wp:term":[{"taxonomy":"category","embeddable":true,"href":"https:\/\/vagas.portalemprego.com.br\/index.php?rest_route=%2Fwp%2Fv2%2Fcategories&post=3339"},{"taxonomy":"post_tag","embeddable":true,"href":"https:\/\/vagas.portalemprego.com.br\/index.php?rest_route=%2Fwp%2Fv2%2Ftags&post=3339"}],"curies":[{"name":"wp","href":"https:\/\/api.w.org\/{rel}","templated":true}]}}