{"id":3340,"date":"2026-04-29T06:02:02","date_gmt":"2026-04-29T09:02:02","guid":{"rendered":"https:\/\/vagas.portalemprego.com.br\/?p=3340"},"modified":"2026-04-29T06:02:02","modified_gmt":"2026-04-29T09:02:02","slug":"lider-de-manutencao-construcao-manutencao-duque-de-caxias","status":"publish","type":"post","link":"https:\/\/vagas.portalemprego.com.br\/?p=3340","title":{"rendered":"L\u00edder de Manuten\u00e7\u00e3o &#8211; Constru\u00e7\u00e3o, Manuten\u00e7\u00e3o &#8211; Duque de Caxias"},"content":{"rendered":"<p>Profissional desenvolve atividades de manuten\u00e7\u00e3o em geral, mitiga riscos, atua com perfil preventivo e corretivo e lideran\u00e7a de equipes, gerenciamento de cronogramas.<br \/>\nDesej\u00e1vel 5 anos de experi\u00eancia na \u00e1rea de manuten\u00e7\u00e3o  equipamentos, Curso de First Responder (Padr\u00e3o IMO) ou empresa cadastrada, curso t\u00e9cnico na \u00e1rea mec\u00e2nica, curso de dire\u00e7\u00e3o defensiva, Curso de Primeiros Socorros, Curso de Combate a Inc\u00eandio,  Passaporte V\u00e1lido, Habilita\u00e7\u00e3o legal t\u00e9cnica para condu\u00e7\u00e3o de opera\u00e7\u00e3o ; ve\u00edculos terrestres, mar\u00edtimos sob sua atribui\u00e7\u00e3o.<\/p>\n<ul>\n<li>Local de trabalho: Duque de Caxias, RJ<\/li>\n<li>Regime de contrata\u00e7\u00e3o de tipo: Efetivo \u2013 CLT<\/li>\n<li>Jornada: Per\u00edodo Integral<\/li>\n<li>\u00c1rea e especializa\u00e7\u00e3o profissional: Constru\u00e7\u00e3o, Manuten\u00e7\u00e3o &#8211; Manuten\u00e7\u00e3o em Geral<\/li>\n<li>N\u00edvel hier\u00e1rquico: Encarregado<\/li>\n<\/ul>\n<p>Escolaridade M\u00ednima: Curso T\u00e9cnico<\/p>\n<p>Forma\u00e7\u00e3o desejada:<\/p>\n<ul>\n<li>Ensino M\u00e9dio (2\u00ba Grau)<\/li>\n<\/ul>\n","protected":false},"excerpt":{"rendered":"<p>Profissional desenvolve atividades de manuten\u00e7\u00e3o em geral, mitiga riscos, atua com perfil preventivo e corretivo e lideran\u00e7a de equipes, gerenciamento de cronogramas. Desej\u00e1vel 5 anos de experi\u00eancia na \u00e1rea de manuten\u00e7\u00e3o equipamentos, Curso de First Responder (Padr\u00e3o IMO) ou empresa cadastrada, curso t\u00e9cnico na \u00e1rea mec\u00e2nica, curso de dire\u00e7\u00e3o defensiva, Curso de Primeiros Socorros, Curso [&hellip;]<\/p>\n","protected":false},"author":1,"featured_media":0,"comment_status":"open","ping_status":"open","sticky":false,"template":"","format":"standard","meta":{"footnotes":""},"categories":[21],"tags":[],"class_list":["post-3340","post","type-post","status-publish","format-standard","hentry","category-rio-de-janeiro-rj"],"_links":{"self":[{"href":"https:\/\/vagas.portalemprego.com.br\/index.php?rest_route=\/wp\/v2\/posts\/3340","targetHints":{"allow":["GET"]}}],"collection":[{"href":"https:\/\/vagas.portalemprego.com.br\/index.php?rest_route=\/wp\/v2\/posts"}],"about":[{"href":"https:\/\/vagas.portalemprego.com.br\/index.php?rest_route=\/wp\/v2\/types\/post"}],"author":[{"embeddable":true,"href":"https:\/\/vagas.portalemprego.com.br\/index.php?rest_route=\/wp\/v2\/users\/1"}],"replies":[{"embeddable":true,"href":"https:\/\/vagas.portalemprego.com.br\/index.php?rest_route=%2Fwp%2Fv2%2Fcomments&post=3340"}],"version-history":[{"count":0,"href":"https:\/\/vagas.portalemprego.com.br\/index.php?rest_route=\/wp\/v2\/posts\/3340\/revisions"}],"wp:attachment":[{"href":"https:\/\/vagas.portalemprego.com.br\/index.php?rest_route=%2Fwp%2Fv2%2Fmedia&parent=3340"}],"wp:term":[{"taxonomy":"category","embeddable":true,"href":"https:\/\/vagas.portalemprego.com.br\/index.php?rest_route=%2Fwp%2Fv2%2Fcategories&post=3340"},{"taxonomy":"post_tag","embeddable":true,"href":"https:\/\/vagas.portalemprego.com.br\/index.php?rest_route=%2Fwp%2Fv2%2Ftags&post=3340"}],"curies":[{"name":"wp","href":"https:\/\/api.w.org\/{rel}","templated":true}]}}