{"id":3341,"date":"2026-04-29T06:02:02","date_gmt":"2026-04-29T09:02:02","guid":{"rendered":"https:\/\/vagas.portalemprego.com.br\/?p=3341"},"modified":"2026-04-29T06:02:02","modified_gmt":"2026-04-29T09:02:02","slug":"fiscal-de-piso-zona-sul-e-norte-rj-seguranca-rio-de-janeiro","status":"publish","type":"post","link":"https:\/\/vagas.portalemprego.com.br\/?p=3341","title":{"rendered":"Fiscal de Piso \u2013 ZONA SUL E NORTE -RJ &#8211; Seguran\u00e7a &#8211; Rio de Janeiro"},"content":{"rendered":"<p>A Verzani &amp; Sandrini est\u00e1 contratando FISCAL DE PISO para atuar na zona sul e norte.<br \/>\nOferecemos:<br \/>\nSal\u00e1rio de R$ 1.917,71<br \/>\nVale-Transporte MODAL<br \/>\nVale- Alimenta\u00e7\u00e3o de R$ 25,00<br \/>\nSeguro de Vida Plano Odontol\u00f3gico (opcional)<br \/>\nConv\u00eanio com cursos e academia<br \/>\nOportunidade de crescimento profissional<br \/>\nProgramas de apoio jur\u00eddico, psicol\u00f3gico e financeiro<br \/>\nLocais: Zona sul e norte<br \/>\nDisponibilidade de escalas e hor\u00e1rios 6&#215;1 OU 12&#215;36 em hor\u00e1rios diversos de acordo com as lojas.<br \/>\nPrincipais atividades:<br \/>\nAuxiliar na fiscaliza\u00e7\u00e3o da entrada e sa\u00edda de clientes e mercadorias<br \/>\nPrevenir perdas e zelar pela seguran\u00e7a do estabelecimento<br \/>\nAcompanhar movimenta\u00e7\u00f5es suspeitas e seguir os procedimentos internos<br \/>\nApoiar a equipe e manter a ordem no ambiente<br \/>\nRequisitos:<br \/>\nEnsino fundamental completo<br \/>\nAten\u00e7\u00e3o, responsabilidade e postura profissional<br \/>\nExperi\u00eancia na fun\u00e7\u00e3o e cursos na \u00e1rea de preven\u00e7\u00e3o ser\u00e1 um diferencial<br \/>\nSe identificou com a vaga e est\u00e1 dentro do perfil informado, se inscreva e venha fazer parte da Verzani &amp; Sandrini!<\/p>\n<ul>\n<li>N\u00famero de vagas: 30<\/li>\n<li>Local de trabalho: Rio de Janeiro, RJ<\/li>\n<li>Regime de contrata\u00e7\u00e3o de tipo: Efetivo \u2013 CLT<\/li>\n<li>Jornada: Per\u00edodo Integral<\/li>\n<li>\u00c1rea e especializa\u00e7\u00e3o profissional: Seguran\u00e7a &#8211; Fiscaliza\u00e7\u00e3o<\/li>\n<li>N\u00edvel hier\u00e1rquico: Auxiliar<\/li>\n<\/ul>\n<p>Escolaridade M\u00ednima: Ensino Fundamental (1\u00ba grau)<\/p>\n<p>Sal\u00e1rio: 1917,71<\/p>\n","protected":false},"excerpt":{"rendered":"<p>A Verzani &amp; Sandrini est\u00e1 contratando FISCAL DE PISO para atuar na zona sul e norte. Oferecemos: Sal\u00e1rio de R$ 1.917,71 Vale-Transporte MODAL Vale- Alimenta\u00e7\u00e3o de R$ 25,00 Seguro de Vida Plano Odontol\u00f3gico (opcional) Conv\u00eanio com cursos e academia Oportunidade de crescimento profissional Programas de apoio jur\u00eddico, psicol\u00f3gico e financeiro Locais: Zona sul e norte [&hellip;]<\/p>\n","protected":false},"author":1,"featured_media":0,"comment_status":"open","ping_status":"open","sticky":false,"template":"","format":"standard","meta":{"footnotes":""},"categories":[21],"tags":[],"class_list":["post-3341","post","type-post","status-publish","format-standard","hentry","category-rio-de-janeiro-rj"],"_links":{"self":[{"href":"https:\/\/vagas.portalemprego.com.br\/index.php?rest_route=\/wp\/v2\/posts\/3341","targetHints":{"allow":["GET"]}}],"collection":[{"href":"https:\/\/vagas.portalemprego.com.br\/index.php?rest_route=\/wp\/v2\/posts"}],"about":[{"href":"https:\/\/vagas.portalemprego.com.br\/index.php?rest_route=\/wp\/v2\/types\/post"}],"author":[{"embeddable":true,"href":"https:\/\/vagas.portalemprego.com.br\/index.php?rest_route=\/wp\/v2\/users\/1"}],"replies":[{"embeddable":true,"href":"https:\/\/vagas.portalemprego.com.br\/index.php?rest_route=%2Fwp%2Fv2%2Fcomments&post=3341"}],"version-history":[{"count":0,"href":"https:\/\/vagas.portalemprego.com.br\/index.php?rest_route=\/wp\/v2\/posts\/3341\/revisions"}],"wp:attachment":[{"href":"https:\/\/vagas.portalemprego.com.br\/index.php?rest_route=%2Fwp%2Fv2%2Fmedia&parent=3341"}],"wp:term":[{"taxonomy":"category","embeddable":true,"href":"https:\/\/vagas.portalemprego.com.br\/index.php?rest_route=%2Fwp%2Fv2%2Fcategories&post=3341"},{"taxonomy":"post_tag","embeddable":true,"href":"https:\/\/vagas.portalemprego.com.br\/index.php?rest_route=%2Fwp%2Fv2%2Ftags&post=3341"}],"curies":[{"name":"wp","href":"https:\/\/api.w.org\/{rel}","templated":true}]}}