{"id":3342,"date":"2026-04-29T06:02:02","date_gmt":"2026-04-29T09:02:02","guid":{"rendered":"https:\/\/vagas.portalemprego.com.br\/?p=3342"},"modified":"2026-04-29T06:02:02","modified_gmt":"2026-04-29T09:02:02","slug":"assistente-de-cobranca-administracao-rio-de-janeiro","status":"publish","type":"post","link":"https:\/\/vagas.portalemprego.com.br\/?p=3342","title":{"rendered":"Assistente de Cobran\u00e7a &#8211; Administra\u00e7\u00e3o &#8211; Rio de Janeiro"},"content":{"rendered":"<p>Assistente de Cobran\u00e7a (Departamento Jur\u00eddico)<br \/>\n?? Barra da Tijuca \u2013 Rio de Janeiro | Presencial | CLT<br \/>\nEmpresa que atua no segmento de gest\u00e3o condominial e expans\u00e3o imobili\u00e1ria busca um(a) Assistente de Cobran\u00e7a para atuar dentro do Departamento Jur\u00eddico, apoiando nas rotinas administrativas e de cobran\u00e7a relacionadas a contratos de loca\u00e7\u00e3o e negocia\u00e7\u00f5es extrajudiciais.<br \/>\nPrincipais responsabilidades<br \/>\nRealizar contato com clientes para cobran\u00e7a de valores em aberto;<br \/>\nConduzir negocia\u00e7\u00f5es extrajudiciais visando evitar a judicializa\u00e7\u00e3o de d\u00e9bitos;<br \/>\nElaborar notifica\u00e7\u00f5es extrajudiciais;<br \/>\nApoiar na elabora\u00e7\u00e3o de aditivos contratuais a partir de modelos padr\u00e3o;<br \/>\nAtualizar e controlar informa\u00e7\u00f5es em sistemas e planilhas;<br \/>\nAcompanhar status de acordos, prazos e tratativas de cobran\u00e7a;<br \/>\nApoiar na organiza\u00e7\u00e3o das rotinas administrativas do departamento jur\u00eddico.<br \/>\nRequisitos<br \/>\nExperi\u00eancia com cobran\u00e7a, podendo ser em \u00e1reas como telemarketing, bancos, setor imobili\u00e1rio ou jur\u00eddico;<br \/>\nExcel b\u00e1sico a intermedi\u00e1rio;<br \/>\nFacilidade com uso de sistemas e controles administrativos;<br \/>\nBoa comunica\u00e7\u00e3o e facilidade no atendimento e relacionamento com o p\u00fablico;<br \/>\nEnsino superior em andamento, preferencialmente em Direito ou \u00e1reas correlatas.<br \/>\nDiferenciais<br \/>\nExperi\u00eancia com sistema Alterdata;<br \/>\nViv\u00eancia em ambiente jur\u00eddico, imobili\u00e1rio ou administrativo de cobran\u00e7a.<br \/>\nInforma\u00e7\u00f5es da vaga<br \/>\nLocal: Barra da Tijuca \u2013 RJ<br \/>\nModelo: Presencial<br \/>\nRegime: CLT<br \/>\nBenef\u00edcios<br \/>\nVale Alimenta\u00e7\u00e3o<br \/>\nVale Transporte<\/p>\n<ul>\n<li>Local de trabalho: Rio de Janeiro, RJ<\/li>\n<li>Regime de contrata\u00e7\u00e3o de tipo: Efetivo \u2013 CLT<\/li>\n<li>Jornada: Per\u00edodo Integral<\/li>\n<li>\u00c1rea e especializa\u00e7\u00e3o profissional: Administra\u00e7\u00e3o &#8211; Administra\u00e7\u00e3o Geral<\/li>\n<li>N\u00edvel hier\u00e1rquico: Assistente<\/li>\n<\/ul>\n<p>Escolaridade M\u00ednima: Ensino M\u00e9dio (2\u00ba Grau)<\/p>\n","protected":false},"excerpt":{"rendered":"<p>Assistente de Cobran\u00e7a (Departamento Jur\u00eddico) ?? Barra da Tijuca \u2013 Rio de Janeiro | Presencial | CLT Empresa que atua no segmento de gest\u00e3o condominial e expans\u00e3o imobili\u00e1ria busca um(a) Assistente de Cobran\u00e7a para atuar dentro do Departamento Jur\u00eddico, apoiando nas rotinas administrativas e de cobran\u00e7a relacionadas a contratos de loca\u00e7\u00e3o e negocia\u00e7\u00f5es extrajudiciais. Principais [&hellip;]<\/p>\n","protected":false},"author":1,"featured_media":0,"comment_status":"open","ping_status":"open","sticky":false,"template":"","format":"standard","meta":{"footnotes":""},"categories":[21],"tags":[],"class_list":["post-3342","post","type-post","status-publish","format-standard","hentry","category-rio-de-janeiro-rj"],"_links":{"self":[{"href":"https:\/\/vagas.portalemprego.com.br\/index.php?rest_route=\/wp\/v2\/posts\/3342","targetHints":{"allow":["GET"]}}],"collection":[{"href":"https:\/\/vagas.portalemprego.com.br\/index.php?rest_route=\/wp\/v2\/posts"}],"about":[{"href":"https:\/\/vagas.portalemprego.com.br\/index.php?rest_route=\/wp\/v2\/types\/post"}],"author":[{"embeddable":true,"href":"https:\/\/vagas.portalemprego.com.br\/index.php?rest_route=\/wp\/v2\/users\/1"}],"replies":[{"embeddable":true,"href":"https:\/\/vagas.portalemprego.com.br\/index.php?rest_route=%2Fwp%2Fv2%2Fcomments&post=3342"}],"version-history":[{"count":0,"href":"https:\/\/vagas.portalemprego.com.br\/index.php?rest_route=\/wp\/v2\/posts\/3342\/revisions"}],"wp:attachment":[{"href":"https:\/\/vagas.portalemprego.com.br\/index.php?rest_route=%2Fwp%2Fv2%2Fmedia&parent=3342"}],"wp:term":[{"taxonomy":"category","embeddable":true,"href":"https:\/\/vagas.portalemprego.com.br\/index.php?rest_route=%2Fwp%2Fv2%2Fcategories&post=3342"},{"taxonomy":"post_tag","embeddable":true,"href":"https:\/\/vagas.portalemprego.com.br\/index.php?rest_route=%2Fwp%2Fv2%2Ftags&post=3342"}],"curies":[{"name":"wp","href":"https:\/\/api.w.org\/{rel}","templated":true}]}}