{"id":3343,"date":"2026-04-29T06:02:02","date_gmt":"2026-04-29T09:02:02","guid":{"rendered":"https:\/\/vagas.portalemprego.com.br\/?p=3343"},"modified":"2026-04-29T06:02:02","modified_gmt":"2026-04-29T09:02:02","slug":"gerente-de-loja-de-shopping-comercial-vendas-rio-de-janeiro","status":"publish","type":"post","link":"https:\/\/vagas.portalemprego.com.br\/?p=3343","title":{"rendered":"Gerente de Loja de Shopping &#8211; Comercial, Vendas &#8211; Rio de Janeiro"},"content":{"rendered":"<p>Oportunidade:<br \/>\nEstamos em busca de um Gerente de Loja com expertise de atua\u00e7\u00e3o em Shopping para se juntar \u00e0 nossa equipe.<br \/>\n O cargo oferece a chance de liderar um time din\u00e2mico e contribuir para o sucesso da loja em um ambiente vibrante e competitivo.<br \/>\nFun\u00e7\u00f5es:<br \/>\nGerenciar as opera\u00e7\u00f5es di\u00e1rias da loja;<br \/>\nAcompanhar e analisar indicadores e oportunidades de melhorias nos resultados;<br \/>\nCoordenar o trabalho da equipe de vendas;<br \/>\nAcompanhar as vendas e o desempenho da equipe;<br \/>\nGerenciar o estoque e as compras;<br \/>\nPromover a satisfa\u00e7\u00e3o do cliente e a experi\u00eancia de compra.<\/p>\n<p>Requisitos:<br \/>\nExperi\u00eancia em gest\u00e3o de equipes de vendas;<br \/>\nConhecimento em gest\u00e3o de estoque e compras;<br \/>\nCapacidade de liderar e motivar uma equipe;<br \/>\nHabilidades de comunica\u00e7\u00e3o e negocia\u00e7\u00e3o;<br \/>\nExperi\u00eancia com acompanhamento de indicadores;<br \/>\nForma\u00e7\u00e3o superior em Administra\u00e7\u00e3o ou \u00e1rea correlata.<\/p>\n<p>Benef\u00edcios:<br \/>\nOferecemos um sal\u00e1rio + comiss\u00e3o<br \/>\nVoc\u00ea ter\u00e1 acesso a programas de benef\u00edcios adicionais da empresa.<br \/>\nEsta oportunidade \u00e9 presencial e localizada no Shopping Tijuca. J<br \/>\nunte-se \u00e0 nossa equipe e fa\u00e7a parte de um ambiente de trabalho desafiador e gratificante.<\/p>\n<ul>\n<li>Local de trabalho: Rio de Janeiro, RJ<\/li>\n<li>Regime de contrata\u00e7\u00e3o de tipo: Efetivo \u2013 CLT<\/li>\n<li>Jornada: Per\u00edodo Integral<\/li>\n<li>\u00c1rea e especializa\u00e7\u00e3o profissional: Comercial, Vendas &#8211; Lojas \/ Shopping<\/li>\n<li>N\u00edvel hier\u00e1rquico: Gerente<\/li>\n<\/ul>\n<p>VALORIZADO<\/p>\n<p>Tempo de experi\u00eancia: Entre 5 e 10 anos<\/p>\n<p>HABILIDADES<\/p>\n<ul>\n<li>Comonunica\u00e7\u00e3o<\/li>\n<li>Capacidade de an\u00e1lise<\/li>\n<li>Gest\u00e3o de pessoas<\/li>\n<\/ul>\n<p>Escolaridade M\u00ednima: Ensino Superior<\/p>\n<ul>\n<li>Desconto nos Produtos da Loja<\/li>\n<li>Totalpass<\/li>\n<li>Assist\u00eancia odontol\u00f3gica<\/li>\n<li>Assist\u00eancia m\u00e9dica<\/li>\n<li>Vale-refei\u00e7\u00e3o<\/li>\n<li>Vale-transporte<\/li>\n<li>Vale-alimenta\u00e7\u00e3o<\/li>\n<li>Seguro de Vida<\/li>\n<\/ul>\n<p>Sal\u00e1rio: 4370,0<\/p>\n","protected":false},"excerpt":{"rendered":"<p>Oportunidade: Estamos em busca de um Gerente de Loja com expertise de atua\u00e7\u00e3o em Shopping para se juntar \u00e0 nossa equipe. O cargo oferece a chance de liderar um time din\u00e2mico e contribuir para o sucesso da loja em um ambiente vibrante e competitivo. Fun\u00e7\u00f5es: Gerenciar as opera\u00e7\u00f5es di\u00e1rias da loja; Acompanhar e analisar indicadores [&hellip;]<\/p>\n","protected":false},"author":1,"featured_media":0,"comment_status":"open","ping_status":"open","sticky":false,"template":"","format":"standard","meta":{"footnotes":""},"categories":[21],"tags":[],"class_list":["post-3343","post","type-post","status-publish","format-standard","hentry","category-rio-de-janeiro-rj"],"_links":{"self":[{"href":"https:\/\/vagas.portalemprego.com.br\/index.php?rest_route=\/wp\/v2\/posts\/3343","targetHints":{"allow":["GET"]}}],"collection":[{"href":"https:\/\/vagas.portalemprego.com.br\/index.php?rest_route=\/wp\/v2\/posts"}],"about":[{"href":"https:\/\/vagas.portalemprego.com.br\/index.php?rest_route=\/wp\/v2\/types\/post"}],"author":[{"embeddable":true,"href":"https:\/\/vagas.portalemprego.com.br\/index.php?rest_route=\/wp\/v2\/users\/1"}],"replies":[{"embeddable":true,"href":"https:\/\/vagas.portalemprego.com.br\/index.php?rest_route=%2Fwp%2Fv2%2Fcomments&post=3343"}],"version-history":[{"count":0,"href":"https:\/\/vagas.portalemprego.com.br\/index.php?rest_route=\/wp\/v2\/posts\/3343\/revisions"}],"wp:attachment":[{"href":"https:\/\/vagas.portalemprego.com.br\/index.php?rest_route=%2Fwp%2Fv2%2Fmedia&parent=3343"}],"wp:term":[{"taxonomy":"category","embeddable":true,"href":"https:\/\/vagas.portalemprego.com.br\/index.php?rest_route=%2Fwp%2Fv2%2Fcategories&post=3343"},{"taxonomy":"post_tag","embeddable":true,"href":"https:\/\/vagas.portalemprego.com.br\/index.php?rest_route=%2Fwp%2Fv2%2Ftags&post=3343"}],"curies":[{"name":"wp","href":"https:\/\/api.w.org\/{rel}","templated":true}]}}