{"id":3345,"date":"2026-04-29T06:03:03","date_gmt":"2026-04-29T09:03:03","guid":{"rendered":"https:\/\/vagas.portalemprego.com.br\/?p=3345"},"modified":"2026-04-29T06:03:03","modified_gmt":"2026-04-29T09:03:03","slug":"analista-contabil-senior-contabil-financas-economia-rio-de-janeiro-2","status":"publish","type":"post","link":"https:\/\/vagas.portalemprego.com.br\/?p=3345","title":{"rendered":"Analista Cont\u00e1bil S\u00eanior &#8211; Cont\u00e1bil, Finan\u00e7as, Economia &#8211; Rio de Janeiro"},"content":{"rendered":"<p>Buscamos um(a) profissional para atuar na \u00e1rea Cont\u00e1bil, com foco em an\u00e1lise e acompanhamento das rotinas cont\u00e1beis e fiscais.<br \/>\n\u00a0<br \/>\nPrincipais responsabilidades<br \/>\n * An\u00e1lise de contas patrimoniais e de resultado<br \/>\n * An\u00e1lise de folha de pagamento e tributos<br \/>\n * Acompanhamento e apoio \u00e0s rotinas cont\u00e1beis<br \/>\n\u00a0<br \/>\nRequisitos<br \/>\n * Ensino superior completo em Ci\u00eancias Cont\u00e1beis<br \/>\n * Experi\u00eancia comprovada na \u00e1rea cont\u00e1bil<br \/>\n * Conhecimento no sistema TOTVS Protheus<br \/>\n * Conhecimento no Pacote Office, com Excel intermedi\u00e1rio\/avan\u00e7ado<br \/>\n * Forte habilidade anal\u00edtica e facilidade com n\u00fameros<br \/>\n * Boa comunica\u00e7\u00e3o, objetividade e organiza\u00e7\u00e3o<br \/>\n * Perfil com habilidades de lideran\u00e7a<br \/>\n\u00a0<br \/>\nDiferencial<br \/>\n * P\u00f3s-gradua\u00e7\u00e3o ou MBA, preferencialmente em Controladoria<\/p>\n<ul>\n<li>Local de trabalho: Rio de Janeiro, RJ<\/li>\n<li>Regime de contrata\u00e7\u00e3o de tipo: Efetivo \u2013 CLT<\/li>\n<li>Jornada: Per\u00edodo Integral<\/li>\n<li>\u00c1rea e especializa\u00e7\u00e3o profissional: Cont\u00e1bil, Finan\u00e7as, Economia &#8211; Controladoria<\/li>\n<li>N\u00edvel hier\u00e1rquico: Analista<\/li>\n<\/ul>\n<p>HABILIDADES<\/p>\n<ul>\n<li>Contabilidade<\/li>\n<li>Microsoft office<\/li>\n<li>Capacidade de an\u00e1lise<\/li>\n<li>Microsoft excel<\/li>\n<li>Gest\u00e3o do ambiente de trabalho<\/li>\n<\/ul>\n<p>Escolaridade M\u00ednima: P\u00f3s-gradua\u00e7\u00e3o &#8211; Especializa\u00e7\u00e3o\/MBA<\/p>\n<ul>\n<li>01 DIA DE HOME OFFICE NA SEMANA<\/li>\n<li>PLANO DENTAL<\/li>\n<li>VR: 44,87 DI\u00c1RIO<\/li>\n<li>VT<\/li>\n<\/ul>\n<p>Sal\u00e1rio: 4500,0<\/p>\n","protected":false},"excerpt":{"rendered":"<p>Buscamos um(a) profissional para atuar na \u00e1rea Cont\u00e1bil, com foco em an\u00e1lise e acompanhamento das rotinas cont\u00e1beis e fiscais. \u00a0 Principais responsabilidades * An\u00e1lise de contas patrimoniais e de resultado * An\u00e1lise de folha de pagamento e tributos * Acompanhamento e apoio \u00e0s rotinas cont\u00e1beis \u00a0 Requisitos * Ensino superior completo em Ci\u00eancias Cont\u00e1beis * [&hellip;]<\/p>\n","protected":false},"author":1,"featured_media":0,"comment_status":"open","ping_status":"open","sticky":false,"template":"","format":"standard","meta":{"footnotes":""},"categories":[21],"tags":[],"class_list":["post-3345","post","type-post","status-publish","format-standard","hentry","category-rio-de-janeiro-rj"],"_links":{"self":[{"href":"https:\/\/vagas.portalemprego.com.br\/index.php?rest_route=\/wp\/v2\/posts\/3345","targetHints":{"allow":["GET"]}}],"collection":[{"href":"https:\/\/vagas.portalemprego.com.br\/index.php?rest_route=\/wp\/v2\/posts"}],"about":[{"href":"https:\/\/vagas.portalemprego.com.br\/index.php?rest_route=\/wp\/v2\/types\/post"}],"author":[{"embeddable":true,"href":"https:\/\/vagas.portalemprego.com.br\/index.php?rest_route=\/wp\/v2\/users\/1"}],"replies":[{"embeddable":true,"href":"https:\/\/vagas.portalemprego.com.br\/index.php?rest_route=%2Fwp%2Fv2%2Fcomments&post=3345"}],"version-history":[{"count":0,"href":"https:\/\/vagas.portalemprego.com.br\/index.php?rest_route=\/wp\/v2\/posts\/3345\/revisions"}],"wp:attachment":[{"href":"https:\/\/vagas.portalemprego.com.br\/index.php?rest_route=%2Fwp%2Fv2%2Fmedia&parent=3345"}],"wp:term":[{"taxonomy":"category","embeddable":true,"href":"https:\/\/vagas.portalemprego.com.br\/index.php?rest_route=%2Fwp%2Fv2%2Fcategories&post=3345"},{"taxonomy":"post_tag","embeddable":true,"href":"https:\/\/vagas.portalemprego.com.br\/index.php?rest_route=%2Fwp%2Fv2%2Ftags&post=3345"}],"curies":[{"name":"wp","href":"https:\/\/api.w.org\/{rel}","templated":true}]}}