{"id":3348,"date":"2026-04-29T06:03:03","date_gmt":"2026-04-29T09:03:03","guid":{"rendered":"https:\/\/vagas.portalemprego.com.br\/?p=3348"},"modified":"2026-04-29T06:03:03","modified_gmt":"2026-04-29T09:03:03","slug":"auxiliar-de-servicos-gerais-pcd-servicos-gerais-duque-de-caxias","status":"publish","type":"post","link":"https:\/\/vagas.portalemprego.com.br\/?p=3348","title":{"rendered":"Auxiliar de Servi\u00e7os Gerais  (PCD) &#8211; Servi\u00e7os Gerais &#8211; Duque de Caxias"},"content":{"rendered":"<p>Somos uma empresa brasileira especializada em pescados e frutos do mar, com mais de 80 anos de hist\u00f3ria, reconhecida no mercado nacional e internacional pela qualidade, confian\u00e7a e inova\u00e7\u00e3o.<br \/>\nContamos com um time de mais de 2 mil colaboradores, que todos os dias trabalham para levar o melhor do mar a milhares de mesas \u2014 no Brasil e no mundo.<br \/>\nAqui, valorizamos pessoas, constru\u00edmos rela\u00e7\u00f5es duradouras e acreditamos que crescer juntos faz toda a diferen\u00e7a.<br \/>\nVenha fazer parte do nosso Cardume.<br \/>\nRESPONSABILIDADES E ATRIBUI\u00c7\u00d5ES<\/p>\n<p>\u2022 Zelar pela conserva\u00e7\u00e3o, manuten\u00e7\u00e3o, higiene e limpeza dos equipamentos, instrumentos e demais materiais utilizados, bem como do local de trabalho;<br \/>\n\u2022 Separar materiais recicl\u00e1veis para descarte;<br \/>\n\u2022 Executar o tratamento e descarte dos res\u00edduos de materiais provenientes do seu local de trabalho;<br \/>\n\u2022 Higieniza\u00e7\u00e3o do frigor\u00edfico onde ficam armazenados os produtos;<br \/>\n\u2022 Demais atividades pertinentes do cargo.<\/p>\n<p>REQUISITOS E QUALIFICA\u00c7\u00d5ES<\/p>\n<p>\u2022 Ensino fundamental;<br \/>\n\u2022 Experi\u00eancia com limpeza pesada, desej\u00e1vel em f\u00e1bricas, galp\u00f5es, canteiros de obras, outras;<br \/>\n\u2022 Disposi\u00e7\u00e3o f\u00edsica para carregar res\u00edduos s\u00f3lidos de pescados, caixas e outros materiais.<\/p>\n<p>A Frescatto valoriza e fomenta a diversidade, abrindo oportunidades para todos com igualdade.<\/p>\n<p>PACOTE DE REMUNERA\u00c7\u00c3O &amp; BENEFICIOS<\/p>\n<p>\u2022 Hor\u00e1rio de trabalho das 07h \u00e0s 16h segunsa da sexta e s\u00e1bado 08h \u00e0s 12h ;<br \/>\n\u2022 Atua\u00e7\u00e3o 100% Presencial;<br \/>\n\u2022 Estacionamento gratuito;<br \/>\n\u2022 Vale-transporte;<br \/>\n\u2022 Restaurante no local (Caf\u00e9 da manh\u00e3, almo\u00e7o, caf\u00e9 da tarde);<br \/>\n\u2022 Plano de Sa\u00fade 100% custeado pela empresa (ap\u00f3s 3 meses);<br \/>\n\u2022 Assist\u00eancia Odontol\u00f3gica;<br \/>\n\u2022 Seguro de vida ;<br \/>\n\u2022 B\u00f4nus anual atrelado ao desempenho;<br \/>\n\u2022 Descontos em Institui\u00e7\u00f5es de Ensino e Idiomas;<br \/>\n\u2022 Descontos e promo\u00e7\u00f5es em nossos produtos;<br \/>\n\u2022 Empr\u00e9stimo consignado;<br \/>\n\u2022 Day Off (folga no anivers\u00e1rio).<\/p>\n<ul>\n<li>N\u00famero de vagas: 2<\/li>\n<li>Local de trabalho: Duque de Caxias, RJ<\/li>\n<li>Regime de contrata\u00e7\u00e3o de tipo: Efetivo \u2013 CLT<\/li>\n<li>Jornada: Per\u00edodo Integral<\/li>\n<li>\u00c1rea e especializa\u00e7\u00e3o profissional: Servi\u00e7os Gerais &#8211; Higieniza\u00e7\u00e3o \/ Estereliza\u00e7\u00e3o<\/li>\n<li>N\u00edvel hier\u00e1rquico: Operacional<\/li>\n<\/ul>\n<p>VALORIZADO<\/p>\n<p>Tempo de experi\u00eancia: Sem experi\u00eancia<\/p>\n<p>Escolaridade M\u00ednima: Ensino Fundamental (1\u00ba grau)<\/p>\n","protected":false},"excerpt":{"rendered":"<p>Somos uma empresa brasileira especializada em pescados e frutos do mar, com mais de 80 anos de hist\u00f3ria, reconhecida no mercado nacional e internacional pela qualidade, confian\u00e7a e inova\u00e7\u00e3o. Contamos com um time de mais de 2 mil colaboradores, que todos os dias trabalham para levar o melhor do mar a milhares de mesas \u2014 [&hellip;]<\/p>\n","protected":false},"author":1,"featured_media":0,"comment_status":"open","ping_status":"open","sticky":false,"template":"","format":"standard","meta":{"footnotes":""},"categories":[21],"tags":[],"class_list":["post-3348","post","type-post","status-publish","format-standard","hentry","category-rio-de-janeiro-rj"],"_links":{"self":[{"href":"https:\/\/vagas.portalemprego.com.br\/index.php?rest_route=\/wp\/v2\/posts\/3348","targetHints":{"allow":["GET"]}}],"collection":[{"href":"https:\/\/vagas.portalemprego.com.br\/index.php?rest_route=\/wp\/v2\/posts"}],"about":[{"href":"https:\/\/vagas.portalemprego.com.br\/index.php?rest_route=\/wp\/v2\/types\/post"}],"author":[{"embeddable":true,"href":"https:\/\/vagas.portalemprego.com.br\/index.php?rest_route=\/wp\/v2\/users\/1"}],"replies":[{"embeddable":true,"href":"https:\/\/vagas.portalemprego.com.br\/index.php?rest_route=%2Fwp%2Fv2%2Fcomments&post=3348"}],"version-history":[{"count":0,"href":"https:\/\/vagas.portalemprego.com.br\/index.php?rest_route=\/wp\/v2\/posts\/3348\/revisions"}],"wp:attachment":[{"href":"https:\/\/vagas.portalemprego.com.br\/index.php?rest_route=%2Fwp%2Fv2%2Fmedia&parent=3348"}],"wp:term":[{"taxonomy":"category","embeddable":true,"href":"https:\/\/vagas.portalemprego.com.br\/index.php?rest_route=%2Fwp%2Fv2%2Fcategories&post=3348"},{"taxonomy":"post_tag","embeddable":true,"href":"https:\/\/vagas.portalemprego.com.br\/index.php?rest_route=%2Fwp%2Fv2%2Ftags&post=3348"}],"curies":[{"name":"wp","href":"https:\/\/api.w.org\/{rel}","templated":true}]}}