{"id":3350,"date":"2026-04-29T06:03:03","date_gmt":"2026-04-29T09:03:03","guid":{"rendered":"https:\/\/vagas.portalemprego.com.br\/?p=3350"},"modified":"2026-04-29T06:03:03","modified_gmt":"2026-04-29T09:03:03","slug":"auxiliar-de-cozinha-turno-da-manha-alimentacao-gastronomia-rio-de-janeiro","status":"publish","type":"post","link":"https:\/\/vagas.portalemprego.com.br\/?p=3350","title":{"rendered":"Auxiliar de Cozinha \u2013 Turno da Manh\u00e3 &#8211; Alimenta\u00e7\u00e3o \/ Gastronomia &#8211; Rio de Janeiro"},"content":{"rendered":"<p>Estamos em busca de um Auxiliar de Cozinha comprometido, organizado e com senso de responsabilidade para integrar nossa equipe.<br \/>\nNossa opera\u00e7\u00e3o exige disciplina, agilidade e aten\u00e7\u00e3o aos padr\u00f5es da cozinha, por isso buscamos profissionais que entendam a import\u00e2ncia da organiza\u00e7\u00e3o, do cumprimento de processos e do trabalho em equipe para garantir a qualidade e produtividade da opera\u00e7\u00e3o.<br \/>\nPrincipais atividades<br \/>\nRealizar corte, limpeza e porcionamento de carnes.<br \/>\nPreparar alimentos no fog\u00e3o conforme orienta\u00e7\u00f5es da cozinha.<br \/>\nConferir etiquetas de identifica\u00e7\u00e3o e validade dos produtos, garantindo organiza\u00e7\u00e3o e controle.<br \/>\nReceber hortifruti e realizar higieniza\u00e7\u00e3o correta dos alimentos.<br \/>\nAuxiliar na montagem de pratos conforme padr\u00e3o da casa.<br \/>\nManter organiza\u00e7\u00e3o, limpeza e boas pr\u00e1ticas de manipula\u00e7\u00e3o de alimentos.<br \/>\nRequisitos<br \/>\nExperi\u00eancia m\u00ednima de 6 meses como Auxiliar de Cozinha.<br \/>\nPreferencialmente experi\u00eancia em restaurantes.<br \/>\nPerfil disciplinado, produtivo, organizado e comprometido com resultados.<br \/>\nFacilidade para trabalhar em equipe e seguir padr\u00f5es operacionais.<br \/>\nMorar pr\u00f3ximo ou ter f\u00e1cil a acesso a Santa Teresa.<br \/>\nDiferencial<br \/>\nConhecimento em idiomas.<br \/>\nRemunera\u00e7\u00e3o<br \/>\nSal\u00e1rio: R$ 1.658,80 + comiss\u00e3o<br \/>\nHor\u00e1rio<br \/>\nTurno da manh\u00e3<br \/>\nBuscamos profissionais que entendam o trabalho como uma rela\u00e7\u00e3o de troca, onde a empresa oferece suporte quando necess\u00e1rio e espera em contrapartida comprometimento, responsabilidade e entrega no dia a dia.<\/p>\n<ul>\n<li>Local de trabalho: Rio de Janeiro, RJ<\/li>\n<li>Regime de contrata\u00e7\u00e3o de tipo: Efetivo \u2013 CLT<\/li>\n<li>Jornada: Per\u00edodo Integral<\/li>\n<li>\u00c1rea e especializa\u00e7\u00e3o profissional: Alimenta\u00e7\u00e3o \/ Gastronomia &#8211; Cozinha<\/li>\n<li>N\u00edvel hier\u00e1rquico: Auxiliar<\/li>\n<\/ul>\n<p>Escolaridade M\u00ednima: Ensino M\u00e9dio (2\u00ba Grau)<\/p>\n<p>Sal\u00e1rio: 2000,0<\/p>\n","protected":false},"excerpt":{"rendered":"<p>Estamos em busca de um Auxiliar de Cozinha comprometido, organizado e com senso de responsabilidade para integrar nossa equipe. Nossa opera\u00e7\u00e3o exige disciplina, agilidade e aten\u00e7\u00e3o aos padr\u00f5es da cozinha, por isso buscamos profissionais que entendam a import\u00e2ncia da organiza\u00e7\u00e3o, do cumprimento de processos e do trabalho em equipe para garantir a qualidade e produtividade [&hellip;]<\/p>\n","protected":false},"author":1,"featured_media":0,"comment_status":"open","ping_status":"open","sticky":false,"template":"","format":"standard","meta":{"footnotes":""},"categories":[21],"tags":[],"class_list":["post-3350","post","type-post","status-publish","format-standard","hentry","category-rio-de-janeiro-rj"],"_links":{"self":[{"href":"https:\/\/vagas.portalemprego.com.br\/index.php?rest_route=\/wp\/v2\/posts\/3350","targetHints":{"allow":["GET"]}}],"collection":[{"href":"https:\/\/vagas.portalemprego.com.br\/index.php?rest_route=\/wp\/v2\/posts"}],"about":[{"href":"https:\/\/vagas.portalemprego.com.br\/index.php?rest_route=\/wp\/v2\/types\/post"}],"author":[{"embeddable":true,"href":"https:\/\/vagas.portalemprego.com.br\/index.php?rest_route=\/wp\/v2\/users\/1"}],"replies":[{"embeddable":true,"href":"https:\/\/vagas.portalemprego.com.br\/index.php?rest_route=%2Fwp%2Fv2%2Fcomments&post=3350"}],"version-history":[{"count":0,"href":"https:\/\/vagas.portalemprego.com.br\/index.php?rest_route=\/wp\/v2\/posts\/3350\/revisions"}],"wp:attachment":[{"href":"https:\/\/vagas.portalemprego.com.br\/index.php?rest_route=%2Fwp%2Fv2%2Fmedia&parent=3350"}],"wp:term":[{"taxonomy":"category","embeddable":true,"href":"https:\/\/vagas.portalemprego.com.br\/index.php?rest_route=%2Fwp%2Fv2%2Fcategories&post=3350"},{"taxonomy":"post_tag","embeddable":true,"href":"https:\/\/vagas.portalemprego.com.br\/index.php?rest_route=%2Fwp%2Fv2%2Ftags&post=3350"}],"curies":[{"name":"wp","href":"https:\/\/api.w.org\/{rel}","templated":true}]}}