{"id":3351,"date":"2026-04-29T06:03:03","date_gmt":"2026-04-29T09:03:03","guid":{"rendered":"https:\/\/vagas.portalemprego.com.br\/?p=3351"},"modified":"2026-04-29T06:03:03","modified_gmt":"2026-04-29T09:03:03","slug":"oficial-de-manutencao-construcao-manutencao-rio-de-janeiro-12","status":"publish","type":"post","link":"https:\/\/vagas.portalemprego.com.br\/?p=3351","title":{"rendered":"Oficial de Manuten\u00e7\u00e3o &#8211; Constru\u00e7\u00e3o, Manuten\u00e7\u00e3o &#8211; Rio de Janeiro"},"content":{"rendered":"<p>Atuar no acompanhamento das ocorr\u00eancias preventivas e corretivas, dando apoio \u00e0 supervis\u00e3o.<br \/>\nFazer o levantamento e valida\u00e7\u00e3o de materiais a fim de garantir o cumprimento dos escopos do Plano de Manuten\u00e7\u00e3o no prazo e com qualidade.<br \/>\nAcompanhar os resultados apresentados usando o monitoramento dos sistemas e assim apoiar a supervis\u00e3o na cria\u00e7\u00e3o de planos de a\u00e7\u00e3o para evitar problemas futuros e estabelecer par\u00e2metros de funcionamento baseando-se nas altera\u00e7\u00f5es que os ativos sofrem com o passar do tempo.<br \/>\nExecutar a instala\u00e7\u00e3o e manuten\u00e7\u00e3o de redes el\u00e9tricas, quadros de distribui\u00e7\u00e3o, dispositivos de prote\u00e7\u00e3o e equipamentos el\u00e9tricos;<br \/>\nRealizar inspe\u00e7\u00f5es e diagn\u00f3sticos em sistemas el\u00e9tricos para identificar defeitos ou riscos; Efetuar reparos em fia\u00e7\u00f5es, circuitos, interruptores, tomadas, motores e outros componentes el\u00e9tricos;  Montar e instalar sistemas de ilumina\u00e7\u00e3o, ventila\u00e7\u00e3o e sinaliza\u00e7\u00e3o el\u00e9trica;  Ler e interpretar diagramas el\u00e9tricos, plantas e esquemas t\u00e9cnicos para execu\u00e7\u00e3o dos servi\u00e7os;  Realizar testes e medi\u00e7\u00f5es el\u00e9tricas utilizando instrumentos espec\u00edficos (mult\u00edmetro, meg\u00f4metro, etc.); Garantir o cumprimento das normas de seguran\u00e7a e regulamenta\u00e7\u00f5es t\u00e9cnicas durante a execu\u00e7\u00e3o dos trabalhos; Registrar as atividades realizadas e informar sobre necessidades de manuten\u00e7\u00e3o ou substitui\u00e7\u00e3o de equipamentos; Colaborar com equipes de manuten\u00e7\u00e3o e engenharia para planejamento de melhorias e preven\u00e7\u00e3o de falhas.<\/p>\n<ul>\n<li>N\u00famero de vagas: 10<\/li>\n<li>Local de trabalho: Rio de Janeiro, RJ<\/li>\n<li>Regime de contrata\u00e7\u00e3o de tipo: Tempor\u00e1rio<\/li>\n<li>Jornada: Per\u00edodo Integral<\/li>\n<li>\u00c1rea e especializa\u00e7\u00e3o profissional: Constru\u00e7\u00e3o, Manuten\u00e7\u00e3o &#8211; Manuten\u00e7\u00e3o em Geral<\/li>\n<li>N\u00edvel hier\u00e1rquico: Assistente<\/li>\n<\/ul>\n<p>VALORIZADO<\/p>\n<p>Tempo de experi\u00eancia: Entre 1 e 3 anos<\/p>\n<p>HABILIDADES<\/p>\n<ul>\n<li>Apoio<\/li>\n<li>Instala\u00e7\u00f5es<\/li>\n<li>Materiais<\/li>\n<li>Ades\u00e3o ou conformidade das normas<\/li>\n<li>Montagem<\/li>\n<\/ul>\n<p>Escolaridade M\u00ednima: Ensino M\u00e9dio (2\u00ba Grau)<\/p>\n<ul>\n<li>Vale refei\u00e7\u00e3o<\/li>\n<li>Vale alimenta\u00e7\u00e3o<\/li>\n<li>Assistencia M\u00e9dica<\/li>\n<\/ul>\n<p>Sal\u00e1rio: 1890,0<\/p>\n","protected":false},"excerpt":{"rendered":"<p>Atuar no acompanhamento das ocorr\u00eancias preventivas e corretivas, dando apoio \u00e0 supervis\u00e3o. Fazer o levantamento e valida\u00e7\u00e3o de materiais a fim de garantir o cumprimento dos escopos do Plano de Manuten\u00e7\u00e3o no prazo e com qualidade. Acompanhar os resultados apresentados usando o monitoramento dos sistemas e assim apoiar a supervis\u00e3o na cria\u00e7\u00e3o de planos de [&hellip;]<\/p>\n","protected":false},"author":1,"featured_media":0,"comment_status":"open","ping_status":"open","sticky":false,"template":"","format":"standard","meta":{"footnotes":""},"categories":[21],"tags":[],"class_list":["post-3351","post","type-post","status-publish","format-standard","hentry","category-rio-de-janeiro-rj"],"_links":{"self":[{"href":"https:\/\/vagas.portalemprego.com.br\/index.php?rest_route=\/wp\/v2\/posts\/3351","targetHints":{"allow":["GET"]}}],"collection":[{"href":"https:\/\/vagas.portalemprego.com.br\/index.php?rest_route=\/wp\/v2\/posts"}],"about":[{"href":"https:\/\/vagas.portalemprego.com.br\/index.php?rest_route=\/wp\/v2\/types\/post"}],"author":[{"embeddable":true,"href":"https:\/\/vagas.portalemprego.com.br\/index.php?rest_route=\/wp\/v2\/users\/1"}],"replies":[{"embeddable":true,"href":"https:\/\/vagas.portalemprego.com.br\/index.php?rest_route=%2Fwp%2Fv2%2Fcomments&post=3351"}],"version-history":[{"count":0,"href":"https:\/\/vagas.portalemprego.com.br\/index.php?rest_route=\/wp\/v2\/posts\/3351\/revisions"}],"wp:attachment":[{"href":"https:\/\/vagas.portalemprego.com.br\/index.php?rest_route=%2Fwp%2Fv2%2Fmedia&parent=3351"}],"wp:term":[{"taxonomy":"category","embeddable":true,"href":"https:\/\/vagas.portalemprego.com.br\/index.php?rest_route=%2Fwp%2Fv2%2Fcategories&post=3351"},{"taxonomy":"post_tag","embeddable":true,"href":"https:\/\/vagas.portalemprego.com.br\/index.php?rest_route=%2Fwp%2Fv2%2Ftags&post=3351"}],"curies":[{"name":"wp","href":"https:\/\/api.w.org\/{rel}","templated":true}]}}