{"id":3352,"date":"2026-04-29T06:03:03","date_gmt":"2026-04-29T09:03:03","guid":{"rendered":"https:\/\/vagas.portalemprego.com.br\/?p=3352"},"modified":"2026-04-29T06:03:03","modified_gmt":"2026-04-29T09:03:03","slug":"representantes-comerciais-comercial-vendas-mage","status":"publish","type":"post","link":"https:\/\/vagas.portalemprego.com.br\/?p=3352","title":{"rendered":"Representantes Comerciais &#8211; Comercial, Vendas &#8211; Mag\u00e9"},"content":{"rendered":"<p>Estamos em busca de Representantes Comerciais para atua\u00e7\u00e3o em vendas diretas no canal farma, com foco em pequenas e m\u00e9dias farm\u00e1cias.<\/p>\n<p>&#8211; PRINCIPAIS RESPONSABILIDADES:<br \/>\nVendas diretas em farm\u00e1cias e perfumarias;<br \/>\nAtendimento a pequenas, m\u00e9dias e grandes redes (foco em pequenas e m\u00e9dias);<br \/>\nGest\u00e3o de carteira e presen\u00e7a constante no ponto de venda;<br \/>\nCumprimento de metas e indicadores de desempenho (KPIs);<br \/>\nRelacionamento comercial com clientes da regi\u00e3o;<br \/>\nReporte direto ao L\u00edder Distrital.<\/p>\n<p>&#8211; PORTF\u00d3LIO DE PRODUTOS:<br \/>\nMedicamentos (\u00c9tico, Gen\u00e9rico e Similar);<br \/>\nConsumo, Higiene e Beleza.<\/p>\n<p>&#8211; PERFIL DESEJADO<br \/>\n\u00ba Prefer\u00eancia por Representantes exclusivos, por\u00e9m:<br \/>\nAceitamos pasta dupla em regi\u00f5es de menor potencial, desde que n\u00e3o haja conflito de portf\u00f3lio\/marcas;<br \/>\nExperi\u00eancia em vendas no canal farmac\u00eautico \u00e9 um diferencial;<\/p>\n<p>\u00ba Profissionais de outros segmentos s\u00e3o bem-vindos, desde que tenham:<br \/>\nPresen\u00e7a ativa no ponto de venda;<br \/>\nFacilidade de relacionamento e negocia\u00e7\u00e3o;<br \/>\nBoa comunica\u00e7\u00e3o e proatividade;<br \/>\nConhecimento b\u00e1sico em Excel;<br \/>\nFacilidade com ferramentas digitais:<br \/>\nWhatsApp; Internet; e Ferramentas eletr\u00f4nicas de capta\u00e7\u00e3o de pedidos;<br \/>\nN\u00e3o h\u00e1 exig\u00eancia de idade m\u00ednima ou m\u00e1xima;<br \/>\nN\u00e3o \u00e9 necess\u00e1rio ensino superior.<\/p>\n<p>&#8211; REQUISITOS:<br \/>\nVe\u00edculo pr\u00f3prio (carro ou moto);<br \/>\nDisponibilidade para visitas comerciais;<br \/>\nExpectativa m\u00ednima de 12 visitas por dia.<\/p>\n<p>&#8212; DIFERENCIAIS DA EMPRESA:<br \/>\nCampanhas frequentes realizadas pelas ind\u00fastrias;<br \/>\nCampanhas motivacionais internas;<br \/>\nPortf\u00f3lio amplo e competitivo;<br \/>\nOportunidade de crescimento conforme performance.<\/p>\n<ul>\n<li>Local de trabalho: Mag\u00e9, RJ<\/li>\n<li>Regime de contrata\u00e7\u00e3o de tipo: Prestador de Servi\u00e7os (PJ)<\/li>\n<li>Jornada: Per\u00edodo Integral<\/li>\n<li>\u00c1rea e especializa\u00e7\u00e3o profissional: Comercial, Vendas &#8211; Representa\u00e7\u00e3o Comercial<\/li>\n<li>N\u00edvel hier\u00e1rquico: Consultor<\/li>\n<\/ul>\n<p>Escolaridade M\u00ednima: Ensino M\u00e9dio (2\u00ba Grau)<\/p>\n<p>Habilita\u00e7\u00e3o para dirigir: A, B<\/p>\n<p>Ve\u00edculo pr\u00f3prio<\/p>\n<p>Sal\u00e1rio: 5000,0<\/p>\n","protected":false},"excerpt":{"rendered":"<p>Estamos em busca de Representantes Comerciais para atua\u00e7\u00e3o em vendas diretas no canal farma, com foco em pequenas e m\u00e9dias farm\u00e1cias. &#8211; PRINCIPAIS RESPONSABILIDADES: Vendas diretas em farm\u00e1cias e perfumarias; Atendimento a pequenas, m\u00e9dias e grandes redes (foco em pequenas e m\u00e9dias); Gest\u00e3o de carteira e presen\u00e7a constante no ponto de venda; Cumprimento de metas [&hellip;]<\/p>\n","protected":false},"author":1,"featured_media":0,"comment_status":"open","ping_status":"open","sticky":false,"template":"","format":"standard","meta":{"footnotes":""},"categories":[21],"tags":[],"class_list":["post-3352","post","type-post","status-publish","format-standard","hentry","category-rio-de-janeiro-rj"],"_links":{"self":[{"href":"https:\/\/vagas.portalemprego.com.br\/index.php?rest_route=\/wp\/v2\/posts\/3352","targetHints":{"allow":["GET"]}}],"collection":[{"href":"https:\/\/vagas.portalemprego.com.br\/index.php?rest_route=\/wp\/v2\/posts"}],"about":[{"href":"https:\/\/vagas.portalemprego.com.br\/index.php?rest_route=\/wp\/v2\/types\/post"}],"author":[{"embeddable":true,"href":"https:\/\/vagas.portalemprego.com.br\/index.php?rest_route=\/wp\/v2\/users\/1"}],"replies":[{"embeddable":true,"href":"https:\/\/vagas.portalemprego.com.br\/index.php?rest_route=%2Fwp%2Fv2%2Fcomments&post=3352"}],"version-history":[{"count":0,"href":"https:\/\/vagas.portalemprego.com.br\/index.php?rest_route=\/wp\/v2\/posts\/3352\/revisions"}],"wp:attachment":[{"href":"https:\/\/vagas.portalemprego.com.br\/index.php?rest_route=%2Fwp%2Fv2%2Fmedia&parent=3352"}],"wp:term":[{"taxonomy":"category","embeddable":true,"href":"https:\/\/vagas.portalemprego.com.br\/index.php?rest_route=%2Fwp%2Fv2%2Fcategories&post=3352"},{"taxonomy":"post_tag","embeddable":true,"href":"https:\/\/vagas.portalemprego.com.br\/index.php?rest_route=%2Fwp%2Fv2%2Ftags&post=3352"}],"curies":[{"name":"wp","href":"https:\/\/api.w.org\/{rel}","templated":true}]}}