{"id":3355,"date":"2026-04-29T06:03:03","date_gmt":"2026-04-29T09:03:03","guid":{"rendered":"https:\/\/vagas.portalemprego.com.br\/?p=3355"},"modified":"2026-04-29T06:03:03","modified_gmt":"2026-04-29T09:03:03","slug":"jovem-aprendiz-administracao-administracao-rio-de-janeiro","status":"publish","type":"post","link":"https:\/\/vagas.portalemprego.com.br\/?p=3355","title":{"rendered":"Jovem Aprendiz &#8211; Administra\u00e7\u00e3o &#8211; Administra\u00e7\u00e3o &#8211; Rio de Janeiro"},"content":{"rendered":"<p>Jovem Aprendiz \u2013 Administrativo (RH\/DP)<br \/>\n?? Local: Vicente de Carvalho \u2013 RJ<br \/>\n ?? Hor\u00e1rio: 10:45 \u00e0s 17:00<br \/>\n ?? Bolsa: R$ 1.142,33<br \/>\nBenef\u00edcios:<br \/>\n ?? Vale Transporte<br \/>\n ?? Vale Refei\u00e7\u00e3o<br \/>\nAtividades:<br \/>\n \u2022 Apoio nas rotinas administrativas de Recursos Humanos e Departamento Pessoal<br \/>\n \u2022 Organiza\u00e7\u00e3o e controle de documentos<br \/>\n \u2022 Suporte em processos de admiss\u00e3o e atualiza\u00e7\u00e3o de cadastros<br \/>\n \u2022 Aux\u00edlio nas atividades administrativas da \u00e1rea<\/p>\n<ul>\n<li>N\u00famero de vagas: 4<\/li>\n<li>Local de trabalho: Rio de Janeiro, RJ<\/li>\n<li>Regime de contrata\u00e7\u00e3o de tipo: Jovem Aprendiz<\/li>\n<li>Jornada: Per\u00edodo Integral<\/li>\n<li>\u00c1rea e especializa\u00e7\u00e3o profissional: Administra\u00e7\u00e3o &#8211; Administra\u00e7\u00e3o Geral<\/li>\n<li>N\u00edvel hier\u00e1rquico: Estagi\u00e1rio<\/li>\n<\/ul>\n<p>Escolaridade M\u00ednima: Ensino M\u00e9dio (2\u00ba Grau)<\/p>\n<p>Sal\u00e1rio: 1142,33<\/p>\n","protected":false},"excerpt":{"rendered":"<p>Jovem Aprendiz \u2013 Administrativo (RH\/DP) ?? Local: Vicente de Carvalho \u2013 RJ ?? Hor\u00e1rio: 10:45 \u00e0s 17:00 ?? Bolsa: R$ 1.142,33 Benef\u00edcios: ?? Vale Transporte ?? Vale Refei\u00e7\u00e3o Atividades: \u2022 Apoio nas rotinas administrativas de Recursos Humanos e Departamento Pessoal \u2022 Organiza\u00e7\u00e3o e controle de documentos \u2022 Suporte em processos de admiss\u00e3o e atualiza\u00e7\u00e3o de [&hellip;]<\/p>\n","protected":false},"author":1,"featured_media":0,"comment_status":"open","ping_status":"open","sticky":false,"template":"","format":"standard","meta":{"footnotes":""},"categories":[21],"tags":[],"class_list":["post-3355","post","type-post","status-publish","format-standard","hentry","category-rio-de-janeiro-rj"],"_links":{"self":[{"href":"https:\/\/vagas.portalemprego.com.br\/index.php?rest_route=\/wp\/v2\/posts\/3355","targetHints":{"allow":["GET"]}}],"collection":[{"href":"https:\/\/vagas.portalemprego.com.br\/index.php?rest_route=\/wp\/v2\/posts"}],"about":[{"href":"https:\/\/vagas.portalemprego.com.br\/index.php?rest_route=\/wp\/v2\/types\/post"}],"author":[{"embeddable":true,"href":"https:\/\/vagas.portalemprego.com.br\/index.php?rest_route=\/wp\/v2\/users\/1"}],"replies":[{"embeddable":true,"href":"https:\/\/vagas.portalemprego.com.br\/index.php?rest_route=%2Fwp%2Fv2%2Fcomments&post=3355"}],"version-history":[{"count":0,"href":"https:\/\/vagas.portalemprego.com.br\/index.php?rest_route=\/wp\/v2\/posts\/3355\/revisions"}],"wp:attachment":[{"href":"https:\/\/vagas.portalemprego.com.br\/index.php?rest_route=%2Fwp%2Fv2%2Fmedia&parent=3355"}],"wp:term":[{"taxonomy":"category","embeddable":true,"href":"https:\/\/vagas.portalemprego.com.br\/index.php?rest_route=%2Fwp%2Fv2%2Fcategories&post=3355"},{"taxonomy":"post_tag","embeddable":true,"href":"https:\/\/vagas.portalemprego.com.br\/index.php?rest_route=%2Fwp%2Fv2%2Ftags&post=3355"}],"curies":[{"name":"wp","href":"https:\/\/api.w.org\/{rel}","templated":true}]}}