{"id":3364,"date":"2026-04-29T06:03:03","date_gmt":"2026-04-29T09:03:03","guid":{"rendered":"https:\/\/vagas.portalemprego.com.br\/?p=3364"},"modified":"2026-04-29T06:03:03","modified_gmt":"2026-04-29T09:03:03","slug":"assistente-de-frotas-rj-compras-rio-de-janeiro","status":"publish","type":"post","link":"https:\/\/vagas.portalemprego.com.br\/?p=3364","title":{"rendered":"Assistente de Frotas &#8211; RJ &#8211; Compras &#8211; Rio de Janeiro"},"content":{"rendered":"<p>Descri\u00e7\u00e3o de cargo:<br \/>\nRespons\u00e1vel por gerenciar a documenta\u00e7\u00e3o da frota, garantindo conformidade com licenciamento, seguro e regulariza\u00e7\u00e3o de multas;<br \/>\nDeve controlar manuten\u00e7\u00f5es preventivas e corretivas, monitorando custos e assegurando a seguran\u00e7a dos ve\u00edculos;<br \/>\nAcompanha o consumo de combust\u00edvel, custos operacionais e elabora relat\u00f3rios para an\u00e1lise e melhoria de desempenho;<br \/>\nAuxilia na distribui\u00e7\u00e3o de ve\u00edculos, suporte a motoristas e na organiza\u00e7\u00e3o de treinamentos para uso seguro;<br \/>\nRealiza cota\u00e7\u00f5es e negocia\u00e7\u00f5es com fornecedores, assegurando qualidade e prazos;<br \/>\nTamb\u00e9m monitora indicadores de desempenho, como disponibilidade da frota e redu\u00e7\u00e3o de custos, garantindo efici\u00eancia nas opera\u00e7\u00f5es.<\/p>\n<p>Requisitos:<br \/>\nSuperior completo ou cursando, preferencialmente Administra\u00e7\u00e3o, Engenharias, Gest\u00e3o de Log\u00edstica.<br \/>\nPacote Office intermedi\u00e1rio.<br \/>\nIdiomas: Espanhol, mas n\u00e3o \u00e9 mandat\u00f3rio.<br \/>\nCompet\u00eancias Requeridas:<br \/>\nOrganiza\u00e7\u00e3o e aten\u00e7\u00e3o a detalhes.<br \/>\nCapacidade anal\u00edtica para elabora\u00e7\u00e3o de relat\u00f3rios.<br \/>\nConhecimento b\u00e1sico de mec\u00e2nica automotiva e legisla\u00e7\u00e3o de tr\u00e2nsito.<br \/>\nHabilidades de comunica\u00e7\u00e3o para interagir com motoristas, fornecedores e equipe interna.<br \/>\nProatividade na solu\u00e7\u00e3o de problemas operacionais.<\/p>\n<ul>\n<li>Local de trabalho: Rio de Janeiro, RJ<\/li>\n<li>Regime de contrata\u00e7\u00e3o de tipo: Efetivo \u2013 CLT<\/li>\n<li>Jornada: Per\u00edodo Integral<\/li>\n<li>\u00c1rea e especializa\u00e7\u00e3o profissional: Compras &#8211; Compras<\/li>\n<li>N\u00edvel hier\u00e1rquico: Assistente<\/li>\n<\/ul>\n<p>Escolaridade M\u00ednima: Ensino Superior<\/p>\n<p>Forma\u00e7\u00e3o desejada:<\/p>\n<ul>\n<li>Administra\u00e7\u00e3o de empresas, Ensino Superior<\/li>\n<\/ul>\n<ul>\n<li>Conv\u00eanio SESC;<\/li>\n<li>Ticket Flex (vale Refei\u00e7\u00e3o\/Alimenta\u00e7\u00e3o);<\/li>\n<li>Assist\u00eancia M\u00e9dica e Odontol\u00f3gica;<\/li>\n<li>Atendimento Psicol\u00f3gico, Jur\u00eddico e Financeiro;<\/li>\n<li>Seguro de vida;<\/li>\n<li>Conv\u00eanio Total Pass;<\/li>\n<\/ul>\n","protected":false},"excerpt":{"rendered":"<p>Descri\u00e7\u00e3o de cargo: Respons\u00e1vel por gerenciar a documenta\u00e7\u00e3o da frota, garantindo conformidade com licenciamento, seguro e regulariza\u00e7\u00e3o de multas; Deve controlar manuten\u00e7\u00f5es preventivas e corretivas, monitorando custos e assegurando a seguran\u00e7a dos ve\u00edculos; Acompanha o consumo de combust\u00edvel, custos operacionais e elabora relat\u00f3rios para an\u00e1lise e melhoria de desempenho; Auxilia na distribui\u00e7\u00e3o de ve\u00edculos, suporte [&hellip;]<\/p>\n","protected":false},"author":1,"featured_media":0,"comment_status":"open","ping_status":"open","sticky":false,"template":"","format":"standard","meta":{"footnotes":""},"categories":[21],"tags":[],"class_list":["post-3364","post","type-post","status-publish","format-standard","hentry","category-rio-de-janeiro-rj"],"_links":{"self":[{"href":"https:\/\/vagas.portalemprego.com.br\/index.php?rest_route=\/wp\/v2\/posts\/3364","targetHints":{"allow":["GET"]}}],"collection":[{"href":"https:\/\/vagas.portalemprego.com.br\/index.php?rest_route=\/wp\/v2\/posts"}],"about":[{"href":"https:\/\/vagas.portalemprego.com.br\/index.php?rest_route=\/wp\/v2\/types\/post"}],"author":[{"embeddable":true,"href":"https:\/\/vagas.portalemprego.com.br\/index.php?rest_route=\/wp\/v2\/users\/1"}],"replies":[{"embeddable":true,"href":"https:\/\/vagas.portalemprego.com.br\/index.php?rest_route=%2Fwp%2Fv2%2Fcomments&post=3364"}],"version-history":[{"count":0,"href":"https:\/\/vagas.portalemprego.com.br\/index.php?rest_route=\/wp\/v2\/posts\/3364\/revisions"}],"wp:attachment":[{"href":"https:\/\/vagas.portalemprego.com.br\/index.php?rest_route=%2Fwp%2Fv2%2Fmedia&parent=3364"}],"wp:term":[{"taxonomy":"category","embeddable":true,"href":"https:\/\/vagas.portalemprego.com.br\/index.php?rest_route=%2Fwp%2Fv2%2Fcategories&post=3364"},{"taxonomy":"post_tag","embeddable":true,"href":"https:\/\/vagas.portalemprego.com.br\/index.php?rest_route=%2Fwp%2Fv2%2Ftags&post=3364"}],"curies":[{"name":"wp","href":"https:\/\/api.w.org\/{rel}","templated":true}]}}