{"id":3366,"date":"2026-04-29T06:03:03","date_gmt":"2026-04-29T09:03:03","guid":{"rendered":"https:\/\/vagas.portalemprego.com.br\/?p=3366"},"modified":"2026-04-29T06:03:03","modified_gmt":"2026-04-29T09:03:03","slug":"coordenador-de-logistica-logistica-campos-dos-goytacazes","status":"publish","type":"post","link":"https:\/\/vagas.portalemprego.com.br\/?p=3366","title":{"rendered":"Coordenador de Log\u00edstica &#8211; Log\u00edstica &#8211; Campos dos Goytacazes"},"content":{"rendered":"<p>Introdu\u00e7\u00e3o:A PVAX busca um Coordenador de Log\u00edstica para se juntar \u00e0 equipe e contribuir com a efici\u00eancia operacional da empresa.<br \/>\nFun\u00e7\u00f5es:<br \/>\nGerenciar o fluxo de materiais e produtos<br \/>\nCoordenar as atividades de transporte e armazenagem<br \/>\nAcompanhar os processos log\u00edsticos<br \/>\nColaborar com outras \u00e1reas para otimiza\u00e7\u00e3o de processos<\/p>\n<p>Requisitos:<br \/>\nExperi\u00eancia em gest\u00e3o log\u00edstica<br \/>\nConhecimento em sistemas de gest\u00e3o de transporte<br \/>\nCapacidade de organiza\u00e7\u00e3o e planejamento<br \/>\nHabilidade para trabalhar em equipe<\/p>\n<p>Benef\u00edcios:<br \/>\nOferecemos um ambiente de trabalho colaborativo<br \/>\nVoc\u00ea ter\u00e1 acesso a programas de desenvolvimento profissional<br \/>\nA empresa promove um clima de trabalho positivo<\/p>\n<p>A PVAX valoriza a efici\u00eancia e busca profissionais comprometidos com a excel\u00eancia operacional.<\/p>\n<ul>\n<li>Local de trabalho: Campos dos Goytacazes, RJ<\/li>\n<li>Regime de contrata\u00e7\u00e3o de tipo: Efetivo \u2013 CLT<\/li>\n<li>Jornada: Per\u00edodo Integral<\/li>\n<li>\u00c1rea e especializa\u00e7\u00e3o profissional: Log\u00edstica &#8211; Log\u00edstica<\/li>\n<li>N\u00edvel hier\u00e1rquico: Supervisor<\/li>\n<\/ul>\n<p>Escolaridade M\u00ednima: Ensino M\u00e9dio (2\u00ba Grau)<\/p>\n","protected":false},"excerpt":{"rendered":"<p>Introdu\u00e7\u00e3o:A PVAX busca um Coordenador de Log\u00edstica para se juntar \u00e0 equipe e contribuir com a efici\u00eancia operacional da empresa. Fun\u00e7\u00f5es: Gerenciar o fluxo de materiais e produtos Coordenar as atividades de transporte e armazenagem Acompanhar os processos log\u00edsticos Colaborar com outras \u00e1reas para otimiza\u00e7\u00e3o de processos Requisitos: Experi\u00eancia em gest\u00e3o log\u00edstica Conhecimento em sistemas [&hellip;]<\/p>\n","protected":false},"author":1,"featured_media":0,"comment_status":"open","ping_status":"open","sticky":false,"template":"","format":"standard","meta":{"footnotes":""},"categories":[21],"tags":[],"class_list":["post-3366","post","type-post","status-publish","format-standard","hentry","category-rio-de-janeiro-rj"],"_links":{"self":[{"href":"https:\/\/vagas.portalemprego.com.br\/index.php?rest_route=\/wp\/v2\/posts\/3366","targetHints":{"allow":["GET"]}}],"collection":[{"href":"https:\/\/vagas.portalemprego.com.br\/index.php?rest_route=\/wp\/v2\/posts"}],"about":[{"href":"https:\/\/vagas.portalemprego.com.br\/index.php?rest_route=\/wp\/v2\/types\/post"}],"author":[{"embeddable":true,"href":"https:\/\/vagas.portalemprego.com.br\/index.php?rest_route=\/wp\/v2\/users\/1"}],"replies":[{"embeddable":true,"href":"https:\/\/vagas.portalemprego.com.br\/index.php?rest_route=%2Fwp%2Fv2%2Fcomments&post=3366"}],"version-history":[{"count":0,"href":"https:\/\/vagas.portalemprego.com.br\/index.php?rest_route=\/wp\/v2\/posts\/3366\/revisions"}],"wp:attachment":[{"href":"https:\/\/vagas.portalemprego.com.br\/index.php?rest_route=%2Fwp%2Fv2%2Fmedia&parent=3366"}],"wp:term":[{"taxonomy":"category","embeddable":true,"href":"https:\/\/vagas.portalemprego.com.br\/index.php?rest_route=%2Fwp%2Fv2%2Fcategories&post=3366"},{"taxonomy":"post_tag","embeddable":true,"href":"https:\/\/vagas.portalemprego.com.br\/index.php?rest_route=%2Fwp%2Fv2%2Ftags&post=3366"}],"curies":[{"name":"wp","href":"https:\/\/api.w.org\/{rel}","templated":true}]}}