{"id":3370,"date":"2026-04-29T06:03:03","date_gmt":"2026-04-29T09:03:03","guid":{"rendered":"https:\/\/vagas.portalemprego.com.br\/?p=3370"},"modified":"2026-04-29T06:03:03","modified_gmt":"2026-04-29T09:03:03","slug":"coordenador-de-compras-compras-rio-de-janeiro","status":"publish","type":"post","link":"https:\/\/vagas.portalemprego.com.br\/?p=3370","title":{"rendered":"Coordenador de Compras &#8211; Compras &#8211; Rio de Janeiro"},"content":{"rendered":"<p>Introdu\u00e7\u00e3o: Estamos buscando um Coordenador de Compras para se juntar ao nosso time. O cargo oferece a oportunidade de gerenciar e coordenar processos de aquisi\u00e7\u00e3o, garantindo a efici\u00eancia e a qualidade dos servi\u00e7os.<br \/>\nFun\u00e7\u00f5es:<br \/>\nGerenciar o processo de compras;<br \/>\nCoordenar com fornecedores e parceiros;<br \/>\nAcompanhar o desempenho dos fornecedores;<br \/>\nColaborar com outras \u00e1reas para otimiza\u00e7\u00e3o de processos;<\/p>\n<p>Requisitos:<br \/>\nExperi\u00eancia em gest\u00e3o de compras;<br \/>\nConhecimento em negocia\u00e7\u00f5es e contratos;<br \/>\nCapacidade de an\u00e1lise de fornecedores;<br \/>\nHabilidade em comunica\u00e7\u00e3o e negocia\u00e7\u00e3o;<br \/>\nExperi\u00eancia com aquisi\u00e7\u00e3o de pe\u00e7as para ve\u00edculos pesados e m\u00e1quinas.<\/p>\n<p>Benef\u00edcios:<br \/>\nOferecemos um ambiente de trabalho colaborativo;<br \/>\nVoc\u00ea ter\u00e1 acesso a programas de desenvolvimento profissional;<br \/>\nA empresa promove um ambiente de trabalho equilibrado e inclusivo;<\/p>\n<p>Esta oportunidade \u00e9 presencial e visa fortalecer a equipe com um profissional comprometido e din\u00e2mico.<\/p>\n<ul>\n<li>Local de trabalho: Rio de Janeiro, RJ<\/li>\n<li>Regime de contrata\u00e7\u00e3o de tipo: Efetivo \u2013 CLT<\/li>\n<li>Jornada: Per\u00edodo Integral<\/li>\n<li>\u00c1rea e especializa\u00e7\u00e3o profissional: Compras &#8211; Compras<\/li>\n<li>N\u00edvel hier\u00e1rquico: Coordenador<\/li>\n<\/ul>\n<p>VALORIZADO<\/p>\n<p>Tempo de experi\u00eancia: Entre 5 e 10 anos<\/p>\n<p>HABILIDADES<\/p>\n<ul>\n<li>Resili\u00eancia<\/li>\n<li>Negocia\u00e7\u00e3o<\/li>\n<li>Qualidade<\/li>\n<li>Compras<\/li>\n<li>Gest\u00e3o do ambiente de trabalho<\/li>\n<li>Desenvolvimento de software<\/li>\n<\/ul>\n<p>Escolaridade M\u00ednima: Ensino Superior<\/p>\n<p>Forma\u00e7\u00e3o desejada:<\/p>\n<ul>\n<li>Administra\u00e7\u00e3o de empresas, Ensino Superior<\/li>\n<\/ul>\n<p>Disponibilidade para viajar<\/p>\n","protected":false},"excerpt":{"rendered":"<p>Introdu\u00e7\u00e3o: Estamos buscando um Coordenador de Compras para se juntar ao nosso time. O cargo oferece a oportunidade de gerenciar e coordenar processos de aquisi\u00e7\u00e3o, garantindo a efici\u00eancia e a qualidade dos servi\u00e7os. Fun\u00e7\u00f5es: Gerenciar o processo de compras; Coordenar com fornecedores e parceiros; Acompanhar o desempenho dos fornecedores; Colaborar com outras \u00e1reas para otimiza\u00e7\u00e3o [&hellip;]<\/p>\n","protected":false},"author":1,"featured_media":0,"comment_status":"open","ping_status":"open","sticky":false,"template":"","format":"standard","meta":{"footnotes":""},"categories":[21],"tags":[],"class_list":["post-3370","post","type-post","status-publish","format-standard","hentry","category-rio-de-janeiro-rj"],"_links":{"self":[{"href":"https:\/\/vagas.portalemprego.com.br\/index.php?rest_route=\/wp\/v2\/posts\/3370","targetHints":{"allow":["GET"]}}],"collection":[{"href":"https:\/\/vagas.portalemprego.com.br\/index.php?rest_route=\/wp\/v2\/posts"}],"about":[{"href":"https:\/\/vagas.portalemprego.com.br\/index.php?rest_route=\/wp\/v2\/types\/post"}],"author":[{"embeddable":true,"href":"https:\/\/vagas.portalemprego.com.br\/index.php?rest_route=\/wp\/v2\/users\/1"}],"replies":[{"embeddable":true,"href":"https:\/\/vagas.portalemprego.com.br\/index.php?rest_route=%2Fwp%2Fv2%2Fcomments&post=3370"}],"version-history":[{"count":0,"href":"https:\/\/vagas.portalemprego.com.br\/index.php?rest_route=\/wp\/v2\/posts\/3370\/revisions"}],"wp:attachment":[{"href":"https:\/\/vagas.portalemprego.com.br\/index.php?rest_route=%2Fwp%2Fv2%2Fmedia&parent=3370"}],"wp:term":[{"taxonomy":"category","embeddable":true,"href":"https:\/\/vagas.portalemprego.com.br\/index.php?rest_route=%2Fwp%2Fv2%2Fcategories&post=3370"},{"taxonomy":"post_tag","embeddable":true,"href":"https:\/\/vagas.portalemprego.com.br\/index.php?rest_route=%2Fwp%2Fv2%2Ftags&post=3370"}],"curies":[{"name":"wp","href":"https:\/\/api.w.org\/{rel}","templated":true}]}}