{"id":3372,"date":"2026-04-29T06:03:03","date_gmt":"2026-04-29T09:03:03","guid":{"rendered":"https:\/\/vagas.portalemprego.com.br\/?p=3372"},"modified":"2026-04-29T06:03:03","modified_gmt":"2026-04-29T09:03:03","slug":"encarregado-de-manutencao-i-construcao-manutencao-rio-de-janeiro","status":"publish","type":"post","link":"https:\/\/vagas.portalemprego.com.br\/?p=3372","title":{"rendered":"ENCARREGADO DE MANUTEN\u00c7\u00c3O I &#8211; Constru\u00e7\u00e3o, Manuten\u00e7\u00e3o &#8211; Rio de Janeiro"},"content":{"rendered":"<p>Para a vaga, o candidato dever\u00e1 possuir s\u00f3lidos conhecimentos pr\u00e1ticos em refrigera\u00e7\u00e3o (prioritariamente) el\u00e9trica e manuten\u00e7\u00e3o predial.<br \/>\nEm refrigera\u00e7\u00e3o, o candidato deve conhecer na pr\u00e1tica equipamentos de grande porte como Self Conteined, ser\u00e1 um diferencial conhecimentos em VRF.<br \/>\nO candidato dever\u00e1 ter experi\u00eancia comprovada na condu\u00e7\u00e3o de equipes volantes multidisciplinares.<br \/>\n Deseja-se tamb\u00e9m que tenha facilidade no uso de tecnologias, e nas rotinas de execu\u00e7\u00e3o de relat\u00f3rios t\u00e9cnicos, especifica\u00e7\u00e3o de materiais entre outras atividades inerentes. Ter curso t\u00e9cnico ser\u00e1 diferencial.<\/p>\n<ul>\n<li>Local de trabalho: Rio de Janeiro, RJ<\/li>\n<li>Regime de contrata\u00e7\u00e3o de tipo: Efetivo \u2013 CLT<\/li>\n<li>Jornada: Per\u00edodo Integral<\/li>\n<li>\u00c1rea e especializa\u00e7\u00e3o profissional: Constru\u00e7\u00e3o, Manuten\u00e7\u00e3o &#8211; Manuten\u00e7\u00e3o em Geral<\/li>\n<li>N\u00edvel hier\u00e1rquico: Operacional<\/li>\n<\/ul>\n<p>VALORIZADO<\/p>\n<p>Tempo de experi\u00eancia: Entre 1 e 3 anos<\/p>\n<p>HABILIDADES<\/p>\n<ul>\n<li>Execu\u00e7\u00e3o<\/li>\n<li>Refrigera\u00e7\u00e3o<\/li>\n<li>Dinamismo<\/li>\n<li>Manuten\u00e7\u00e3o<\/li>\n<\/ul>\n<p>Escolaridade M\u00ednima: Curso T\u00e9cnico<\/p>\n<ul>\n<li>Vale Alimenta\u00e7\u00e3o<\/li>\n<li>Vale Transporte<\/li>\n<li>Plano de Sa\u00fade<\/li>\n<\/ul>\n<p>Sal\u00e1rio: 4000,0<\/p>\n","protected":false},"excerpt":{"rendered":"<p>Para a vaga, o candidato dever\u00e1 possuir s\u00f3lidos conhecimentos pr\u00e1ticos em refrigera\u00e7\u00e3o (prioritariamente) el\u00e9trica e manuten\u00e7\u00e3o predial. Em refrigera\u00e7\u00e3o, o candidato deve conhecer na pr\u00e1tica equipamentos de grande porte como Self Conteined, ser\u00e1 um diferencial conhecimentos em VRF. O candidato dever\u00e1 ter experi\u00eancia comprovada na condu\u00e7\u00e3o de equipes volantes multidisciplinares. Deseja-se tamb\u00e9m que tenha facilidade [&hellip;]<\/p>\n","protected":false},"author":1,"featured_media":0,"comment_status":"open","ping_status":"open","sticky":false,"template":"","format":"standard","meta":{"footnotes":""},"categories":[21],"tags":[],"class_list":["post-3372","post","type-post","status-publish","format-standard","hentry","category-rio-de-janeiro-rj"],"_links":{"self":[{"href":"https:\/\/vagas.portalemprego.com.br\/index.php?rest_route=\/wp\/v2\/posts\/3372","targetHints":{"allow":["GET"]}}],"collection":[{"href":"https:\/\/vagas.portalemprego.com.br\/index.php?rest_route=\/wp\/v2\/posts"}],"about":[{"href":"https:\/\/vagas.portalemprego.com.br\/index.php?rest_route=\/wp\/v2\/types\/post"}],"author":[{"embeddable":true,"href":"https:\/\/vagas.portalemprego.com.br\/index.php?rest_route=\/wp\/v2\/users\/1"}],"replies":[{"embeddable":true,"href":"https:\/\/vagas.portalemprego.com.br\/index.php?rest_route=%2Fwp%2Fv2%2Fcomments&post=3372"}],"version-history":[{"count":0,"href":"https:\/\/vagas.portalemprego.com.br\/index.php?rest_route=\/wp\/v2\/posts\/3372\/revisions"}],"wp:attachment":[{"href":"https:\/\/vagas.portalemprego.com.br\/index.php?rest_route=%2Fwp%2Fv2%2Fmedia&parent=3372"}],"wp:term":[{"taxonomy":"category","embeddable":true,"href":"https:\/\/vagas.portalemprego.com.br\/index.php?rest_route=%2Fwp%2Fv2%2Fcategories&post=3372"},{"taxonomy":"post_tag","embeddable":true,"href":"https:\/\/vagas.portalemprego.com.br\/index.php?rest_route=%2Fwp%2Fv2%2Ftags&post=3372"}],"curies":[{"name":"wp","href":"https:\/\/api.w.org\/{rel}","templated":true}]}}