{"id":3374,"date":"2026-04-29T06:03:03","date_gmt":"2026-04-29T09:03:03","guid":{"rendered":"https:\/\/vagas.portalemprego.com.br\/?p=3374"},"modified":"2026-04-29T06:03:03","modified_gmt":"2026-04-29T09:03:03","slug":"auxiliar-de-cozinha-barra-da-tijuca-alimentacao-gastronomia-rio-de-janeiro","status":"publish","type":"post","link":"https:\/\/vagas.portalemprego.com.br\/?p=3374","title":{"rendered":"Auxiliar de Cozinha Barra da Tijuca &#8211; Alimenta\u00e7\u00e3o \/ Gastronomia &#8211; Rio de Janeiro"},"content":{"rendered":"<p>Atividades a serem desenvolvidas:<br \/>\n&#8211; Respons\u00e1vel pela execu\u00e7\u00e3o dos pratos aos Clientes;<br \/>\n&#8211; Prepara\u00e7\u00e3o dos pratos, avalia\u00e7\u00e3o e corte das prote\u00ednas;<br \/>\n&#8211; Limpeza e organiza\u00e7\u00e3o do ambiente de trabalho;<br \/>\n&#8211; Higieniza\u00e7\u00e3o de alimentos hort\u00edcolas;<br \/>\n*Experi\u00eancia em Restaurante e\/ou Lanchonete.<br \/>\n**Requisito: Morar pr\u00f3ximo (Shopping Downtown).<\/p>\n<p>Escala 6 x 1;<br \/>\nHor\u00e1rio: 12h \u00e0s 20h.<\/p>\n<ul>\n<li>Local de trabalho: Rio de Janeiro, RJ<\/li>\n<li>Regime de contrata\u00e7\u00e3o de tipo: Efetivo \u2013 CLT<\/li>\n<li>Jornada: Per\u00edodo Integral<\/li>\n<li>\u00c1rea e especializa\u00e7\u00e3o profissional: Alimenta\u00e7\u00e3o \/ Gastronomia &#8211; Cozinha<\/li>\n<li>N\u00edvel hier\u00e1rquico: Auxiliar<\/li>\n<\/ul>\n<p>VALORIZADO<\/p>\n<p>Tempo de experi\u00eancia: Menos de 1 ano<\/p>\n<p>HABILIDADES<\/p>\n<ul>\n<li>Experi\u00eancia<\/li>\n<li>Din\u00e2mico<\/li>\n<li>Higiene<\/li>\n<li>Organiza\u00e7\u00e3o<\/li>\n<li>Pontualidade<\/li>\n<\/ul>\n<p>Escolaridade M\u00ednima: Ensino Fundamental (1\u00ba grau)<\/p>\n<ul>\n<li>VT<\/li>\n<li>VA<\/li>\n<li>Refei\u00e7\u00e3o no local<\/li>\n<\/ul>\n<p>Sal\u00e1rio: 1635,34<\/p>\n","protected":false},"excerpt":{"rendered":"<p>Atividades a serem desenvolvidas: &#8211; Respons\u00e1vel pela execu\u00e7\u00e3o dos pratos aos Clientes; &#8211; Prepara\u00e7\u00e3o dos pratos, avalia\u00e7\u00e3o e corte das prote\u00ednas; &#8211; Limpeza e organiza\u00e7\u00e3o do ambiente de trabalho; &#8211; Higieniza\u00e7\u00e3o de alimentos hort\u00edcolas; *Experi\u00eancia em Restaurante e\/ou Lanchonete. **Requisito: Morar pr\u00f3ximo (Shopping Downtown). Escala 6 x 1; Hor\u00e1rio: 12h \u00e0s 20h. Local de trabalho: [&hellip;]<\/p>\n","protected":false},"author":1,"featured_media":0,"comment_status":"open","ping_status":"open","sticky":false,"template":"","format":"standard","meta":{"footnotes":""},"categories":[21],"tags":[],"class_list":["post-3374","post","type-post","status-publish","format-standard","hentry","category-rio-de-janeiro-rj"],"_links":{"self":[{"href":"https:\/\/vagas.portalemprego.com.br\/index.php?rest_route=\/wp\/v2\/posts\/3374","targetHints":{"allow":["GET"]}}],"collection":[{"href":"https:\/\/vagas.portalemprego.com.br\/index.php?rest_route=\/wp\/v2\/posts"}],"about":[{"href":"https:\/\/vagas.portalemprego.com.br\/index.php?rest_route=\/wp\/v2\/types\/post"}],"author":[{"embeddable":true,"href":"https:\/\/vagas.portalemprego.com.br\/index.php?rest_route=\/wp\/v2\/users\/1"}],"replies":[{"embeddable":true,"href":"https:\/\/vagas.portalemprego.com.br\/index.php?rest_route=%2Fwp%2Fv2%2Fcomments&post=3374"}],"version-history":[{"count":0,"href":"https:\/\/vagas.portalemprego.com.br\/index.php?rest_route=\/wp\/v2\/posts\/3374\/revisions"}],"wp:attachment":[{"href":"https:\/\/vagas.portalemprego.com.br\/index.php?rest_route=%2Fwp%2Fv2%2Fmedia&parent=3374"}],"wp:term":[{"taxonomy":"category","embeddable":true,"href":"https:\/\/vagas.portalemprego.com.br\/index.php?rest_route=%2Fwp%2Fv2%2Fcategories&post=3374"},{"taxonomy":"post_tag","embeddable":true,"href":"https:\/\/vagas.portalemprego.com.br\/index.php?rest_route=%2Fwp%2Fv2%2Ftags&post=3374"}],"curies":[{"name":"wp","href":"https:\/\/api.w.org\/{rel}","templated":true}]}}