{"id":3378,"date":"2026-04-29T06:04:04","date_gmt":"2026-04-29T09:04:04","guid":{"rendered":"https:\/\/vagas.portalemprego.com.br\/?p=3378"},"modified":"2026-04-29T06:04:04","modified_gmt":"2026-04-29T09:04:04","slug":"analista-fiscal-rio-de-janeiro-contabil-financas-economia-rio-de-janeiro","status":"publish","type":"post","link":"https:\/\/vagas.portalemprego.com.br\/?p=3378","title":{"rendered":"Analista Fiscal &#8211; Rio de Janeiro &#8211; Cont\u00e1bil, Finan\u00e7as, Economia &#8211; Rio de Janeiro"},"content":{"rendered":"<p>Responsabilidades e atribui\u00e7\u00f5es<\/p>\n<p>Emiss\u00e3o de notas fiscais de mercadorias;<br \/>\nReten\u00e7\u00f5es tribut\u00e1rias na fonte;<br \/>\nLegisla\u00e7\u00e3o tribut\u00e1ria com foco em ICMS, IPI e ISS;<br \/>\nClassifica\u00e7\u00e3o fiscal (CFOP, CST e tributa\u00e7\u00e3o de ICMS e IPI);<br \/>\nApura\u00e7\u00e3o de ICMS, IPI e ISS;<br \/>\nElabora\u00e7\u00e3o de SPED ICMS\/IPI e obriga\u00e7\u00f5es acess\u00f3rias;<br \/>\nAtendimento a fiscaliza\u00e7\u00f5es;<br \/>\nSuporte aos departamentos internos, equipe e clientes.<\/p>\n<p>Requisitos e qualifica\u00e7\u00f5es<\/p>\n<p>Ensino superior completo em Ci\u00eancias Cont\u00e1beis, Administra\u00e7\u00e3o ou Direito;<br \/>\nCaso possua ensino superior completo em Ci\u00eancias Cont\u00e1beis, necess\u00e1rio CRC Ativo;<br \/>\nDesej\u00e1vel conhecimento intermedi\u00e1rio em Excel.<\/p>\n<ul>\n<li>Local de trabalho: Rio de Janeiro, RJ<\/li>\n<li>Regime de contrata\u00e7\u00e3o de tipo: Efetivo \u2013 CLT<\/li>\n<li>Jornada: Per\u00edodo Integral<\/li>\n<li>\u00c1rea e especializa\u00e7\u00e3o profissional: Cont\u00e1bil, Finan\u00e7as, Economia &#8211; Fiscal<\/li>\n<li>N\u00edvel hier\u00e1rquico: Analista<\/li>\n<\/ul>\n<p>VALORIZADO<\/p>\n<p>Tempo de experi\u00eancia: Entre 1 e 3 anos<\/p>\n<p>Escolaridade M\u00ednima: Ensino Superior<\/p>\n<ul>\n<li>Vale Presente do Birthday off<\/li>\n<li>Aparelho Corporativo<\/li>\n<li>Birthday off<\/li>\n<li>Custeio do Registro Profissional (CRC, OAB ou CRP)<\/li>\n<li>Empr\u00e9stimo Consignado<\/li>\n<li>Plano de Mentoria<\/li>\n<li>Avalia\u00e7\u00e3o de Desempenho (Oportunidades de Crescimento e Desenvolvimento)<\/li>\n<li>Pr\u00eamio de Estabilidade por Tempo de Casa<\/li>\n<li>Ingl\u00eas in Company<\/li>\n<li>Incentivo Educacional<\/li>\n<li>Vale Transporte<\/li>\n<li>Vale Refei\u00e7\u00e3o ou Alimenta\u00e7\u00e3o<\/li>\n<li>Golden Farma<\/li>\n<li>Seguro de Vida Icatu<\/li>\n<li>TotalPass<\/li>\n<li>Assist\u00eancia M\u00e9dica e Odontol\u00f3gica Bradesco<\/li>\n<\/ul>\n","protected":false},"excerpt":{"rendered":"<p>Responsabilidades e atribui\u00e7\u00f5es Emiss\u00e3o de notas fiscais de mercadorias; Reten\u00e7\u00f5es tribut\u00e1rias na fonte; Legisla\u00e7\u00e3o tribut\u00e1ria com foco em ICMS, IPI e ISS; Classifica\u00e7\u00e3o fiscal (CFOP, CST e tributa\u00e7\u00e3o de ICMS e IPI); Apura\u00e7\u00e3o de ICMS, IPI e ISS; Elabora\u00e7\u00e3o de SPED ICMS\/IPI e obriga\u00e7\u00f5es acess\u00f3rias; Atendimento a fiscaliza\u00e7\u00f5es; Suporte aos departamentos internos, equipe e clientes. [&hellip;]<\/p>\n","protected":false},"author":1,"featured_media":0,"comment_status":"open","ping_status":"open","sticky":false,"template":"","format":"standard","meta":{"footnotes":""},"categories":[21],"tags":[],"class_list":["post-3378","post","type-post","status-publish","format-standard","hentry","category-rio-de-janeiro-rj"],"_links":{"self":[{"href":"https:\/\/vagas.portalemprego.com.br\/index.php?rest_route=\/wp\/v2\/posts\/3378","targetHints":{"allow":["GET"]}}],"collection":[{"href":"https:\/\/vagas.portalemprego.com.br\/index.php?rest_route=\/wp\/v2\/posts"}],"about":[{"href":"https:\/\/vagas.portalemprego.com.br\/index.php?rest_route=\/wp\/v2\/types\/post"}],"author":[{"embeddable":true,"href":"https:\/\/vagas.portalemprego.com.br\/index.php?rest_route=\/wp\/v2\/users\/1"}],"replies":[{"embeddable":true,"href":"https:\/\/vagas.portalemprego.com.br\/index.php?rest_route=%2Fwp%2Fv2%2Fcomments&post=3378"}],"version-history":[{"count":0,"href":"https:\/\/vagas.portalemprego.com.br\/index.php?rest_route=\/wp\/v2\/posts\/3378\/revisions"}],"wp:attachment":[{"href":"https:\/\/vagas.portalemprego.com.br\/index.php?rest_route=%2Fwp%2Fv2%2Fmedia&parent=3378"}],"wp:term":[{"taxonomy":"category","embeddable":true,"href":"https:\/\/vagas.portalemprego.com.br\/index.php?rest_route=%2Fwp%2Fv2%2Fcategories&post=3378"},{"taxonomy":"post_tag","embeddable":true,"href":"https:\/\/vagas.portalemprego.com.br\/index.php?rest_route=%2Fwp%2Fv2%2Ftags&post=3378"}],"curies":[{"name":"wp","href":"https:\/\/api.w.org\/{rel}","templated":true}]}}