{"id":3383,"date":"2026-04-29T06:04:04","date_gmt":"2026-04-29T09:04:04","guid":{"rendered":"https:\/\/vagas.portalemprego.com.br\/?p=3383"},"modified":"2026-04-29T06:04:04","modified_gmt":"2026-04-29T09:04:04","slug":"vendedor-norte-shopping-rj-comercial-vendas-rio-de-janeiro","status":"publish","type":"post","link":"https:\/\/vagas.portalemprego.com.br\/?p=3383","title":{"rendered":"Vendedor &#8211;  Norte Shopping  &#8211; RJ &#8211; Comercial, Vendas &#8211; Rio de Janeiro"},"content":{"rendered":"<p>N\u00f3s da Touti Cosmetics, estamos \u00e0 procura de um profissional apaixonado por cosm\u00e9ticos e com habilidades em vendas e comunica\u00e7\u00e3o.<\/p>\n<p>Como Vendedor(a) na Touti Cosmetics, voc\u00ea ser\u00e1 respons\u00e1vel por:<br \/>\n&#8211; Promover nossos produtos cosm\u00e9ticos.<br \/>\n&#8211; Desenvolver e manter relacionamentos com clientes.<br \/>\n&#8211; Alcan\u00e7ar metas de vendas e contribuir para o crescimento da nossa empresa.<\/p>\n<p>Oferecemos:<\/p>\n<p>-Sal\u00e1rio fixo.<br \/>\n-Ajuda de custo para alimenta\u00e7\u00e3o.<br \/>\n-Vale transporte.<br \/>\n-Pagamento adicional por metas alcan\u00e7adas.<br \/>\n-Oportunidade de crescimento na empresa.<\/p>\n<p>Hor\u00e1rio:<br \/>\n&#8211; Escala 6&#215;1 (com 1 hora de intervalo)<\/p>\n<p>Requisitos:<\/p>\n<p>-Ensino m\u00e9dio completo.<br \/>\n-Boa comunica\u00e7\u00e3o<br \/>\n-Experi\u00eancia com vendas ser\u00e1 um diferencial.<\/p>\n<p>Nosso time valoriza um ambiente de trabalho colaborativo, inovador e diversificado.<br \/>\nSe voc\u00ea se identifica com nossos valores e est\u00e1 \u00e0 procura de um desafio em uma empresa em crescimento, essa vaga \u00e9 para voc\u00ea!<\/p>\n<ul>\n<li>Local de trabalho: Rio de Janeiro, RJ<\/li>\n<li>Regime de contrata\u00e7\u00e3o de tipo: Efetivo \u2013 CLT<\/li>\n<li>Jornada: Parcial tardes<\/li>\n<li>\u00c1rea e especializa\u00e7\u00e3o profissional: Comercial, Vendas &#8211; Lojas \/ Shopping<\/li>\n<li>N\u00edvel hier\u00e1rquico: Consultor<\/li>\n<\/ul>\n<p>VALORIZADO<\/p>\n<p>Tempo de experi\u00eancia: Entre 1 e 3 anos<\/p>\n<p>HABILIDADES<\/p>\n<ul>\n<li>Boa comunica\u00e7\u00e3o, atendimento ativo ao p\u00fablico, agilidade em resolu\u00e7\u00e3o de conflitos, participa\u00e7\u00e3o ativa em todas as tarefas.<\/li>\n<\/ul>\n<p>Escolaridade M\u00ednima: Ensino M\u00e9dio (2\u00ba Grau)<\/p>\n<p>Sal\u00e1rio: 2000,0<\/p>\n","protected":false},"excerpt":{"rendered":"<p>N\u00f3s da Touti Cosmetics, estamos \u00e0 procura de um profissional apaixonado por cosm\u00e9ticos e com habilidades em vendas e comunica\u00e7\u00e3o. Como Vendedor(a) na Touti Cosmetics, voc\u00ea ser\u00e1 respons\u00e1vel por: &#8211; Promover nossos produtos cosm\u00e9ticos. &#8211; Desenvolver e manter relacionamentos com clientes. &#8211; Alcan\u00e7ar metas de vendas e contribuir para o crescimento da nossa empresa. Oferecemos: [&hellip;]<\/p>\n","protected":false},"author":1,"featured_media":0,"comment_status":"open","ping_status":"open","sticky":false,"template":"","format":"standard","meta":{"footnotes":""},"categories":[21],"tags":[],"class_list":["post-3383","post","type-post","status-publish","format-standard","hentry","category-rio-de-janeiro-rj"],"_links":{"self":[{"href":"https:\/\/vagas.portalemprego.com.br\/index.php?rest_route=\/wp\/v2\/posts\/3383","targetHints":{"allow":["GET"]}}],"collection":[{"href":"https:\/\/vagas.portalemprego.com.br\/index.php?rest_route=\/wp\/v2\/posts"}],"about":[{"href":"https:\/\/vagas.portalemprego.com.br\/index.php?rest_route=\/wp\/v2\/types\/post"}],"author":[{"embeddable":true,"href":"https:\/\/vagas.portalemprego.com.br\/index.php?rest_route=\/wp\/v2\/users\/1"}],"replies":[{"embeddable":true,"href":"https:\/\/vagas.portalemprego.com.br\/index.php?rest_route=%2Fwp%2Fv2%2Fcomments&post=3383"}],"version-history":[{"count":0,"href":"https:\/\/vagas.portalemprego.com.br\/index.php?rest_route=\/wp\/v2\/posts\/3383\/revisions"}],"wp:attachment":[{"href":"https:\/\/vagas.portalemprego.com.br\/index.php?rest_route=%2Fwp%2Fv2%2Fmedia&parent=3383"}],"wp:term":[{"taxonomy":"category","embeddable":true,"href":"https:\/\/vagas.portalemprego.com.br\/index.php?rest_route=%2Fwp%2Fv2%2Fcategories&post=3383"},{"taxonomy":"post_tag","embeddable":true,"href":"https:\/\/vagas.portalemprego.com.br\/index.php?rest_route=%2Fwp%2Fv2%2Ftags&post=3383"}],"curies":[{"name":"wp","href":"https:\/\/api.w.org\/{rel}","templated":true}]}}