{"id":3386,"date":"2026-04-29T06:04:04","date_gmt":"2026-04-29T09:04:04","guid":{"rendered":"https:\/\/vagas.portalemprego.com.br\/?p=3386"},"modified":"2026-04-29T06:04:04","modified_gmt":"2026-04-29T09:04:04","slug":"meio-oficial-de-refrigeracao-construcao-manutencao-itaguai-3","status":"publish","type":"post","link":"https:\/\/vagas.portalemprego.com.br\/?p=3386","title":{"rendered":"Meio Oficial de Refrigera\u00e7\u00e3o &#8211; Constru\u00e7\u00e3o, Manuten\u00e7\u00e3o &#8211; Itagua\u00ed"},"content":{"rendered":"<p>Aux\u00edlio na instala\u00e7\u00e3o, manuten\u00e7\u00e3o preventiva e corretiva de sistemas de climatiza\u00e7\u00e3o e refrigera\u00e7\u00e3o, realizando apoio na montagem de equipamentos, verifica\u00e7\u00e3o de componentes, limpeza t\u00e9cnica, identifica\u00e7\u00e3o de falhas e suporte nas atividades de reparo, garantindo o bom funcionamento e a efici\u00eancia dos sistemas.<\/p>\n<ul>\n<li>Local de trabalho: Itagua\u00ed, RJ<\/li>\n<li>Regime de contrata\u00e7\u00e3o de tipo: Efetivo \u2013 CLT<\/li>\n<li>Jornada: Per\u00edodo Integral<\/li>\n<li>\u00c1rea e especializa\u00e7\u00e3o profissional: Constru\u00e7\u00e3o, Manuten\u00e7\u00e3o &#8211; Instala\u00e7\u00f5es em Geral<\/li>\n<li>N\u00edvel hier\u00e1rquico: Auxiliar<\/li>\n<\/ul>\n<p>Escolaridade M\u00ednima: Ensino M\u00e9dio (2\u00ba Grau)<\/p>\n<p>Sal\u00e1rio: 1835,98<\/p>\n","protected":false},"excerpt":{"rendered":"<p>Aux\u00edlio na instala\u00e7\u00e3o, manuten\u00e7\u00e3o preventiva e corretiva de sistemas de climatiza\u00e7\u00e3o e refrigera\u00e7\u00e3o, realizando apoio na montagem de equipamentos, verifica\u00e7\u00e3o de componentes, limpeza t\u00e9cnica, identifica\u00e7\u00e3o de falhas e suporte nas atividades de reparo, garantindo o bom funcionamento e a efici\u00eancia dos sistemas. Local de trabalho: Itagua\u00ed, RJ Regime de contrata\u00e7\u00e3o de tipo: Efetivo \u2013 CLT [&hellip;]<\/p>\n","protected":false},"author":1,"featured_media":0,"comment_status":"open","ping_status":"open","sticky":false,"template":"","format":"standard","meta":{"footnotes":""},"categories":[21],"tags":[],"class_list":["post-3386","post","type-post","status-publish","format-standard","hentry","category-rio-de-janeiro-rj"],"_links":{"self":[{"href":"https:\/\/vagas.portalemprego.com.br\/index.php?rest_route=\/wp\/v2\/posts\/3386","targetHints":{"allow":["GET"]}}],"collection":[{"href":"https:\/\/vagas.portalemprego.com.br\/index.php?rest_route=\/wp\/v2\/posts"}],"about":[{"href":"https:\/\/vagas.portalemprego.com.br\/index.php?rest_route=\/wp\/v2\/types\/post"}],"author":[{"embeddable":true,"href":"https:\/\/vagas.portalemprego.com.br\/index.php?rest_route=\/wp\/v2\/users\/1"}],"replies":[{"embeddable":true,"href":"https:\/\/vagas.portalemprego.com.br\/index.php?rest_route=%2Fwp%2Fv2%2Fcomments&post=3386"}],"version-history":[{"count":0,"href":"https:\/\/vagas.portalemprego.com.br\/index.php?rest_route=\/wp\/v2\/posts\/3386\/revisions"}],"wp:attachment":[{"href":"https:\/\/vagas.portalemprego.com.br\/index.php?rest_route=%2Fwp%2Fv2%2Fmedia&parent=3386"}],"wp:term":[{"taxonomy":"category","embeddable":true,"href":"https:\/\/vagas.portalemprego.com.br\/index.php?rest_route=%2Fwp%2Fv2%2Fcategories&post=3386"},{"taxonomy":"post_tag","embeddable":true,"href":"https:\/\/vagas.portalemprego.com.br\/index.php?rest_route=%2Fwp%2Fv2%2Ftags&post=3386"}],"curies":[{"name":"wp","href":"https:\/\/api.w.org\/{rel}","templated":true}]}}