{"id":3387,"date":"2026-04-29T06:04:04","date_gmt":"2026-04-29T09:04:04","guid":{"rendered":"https:\/\/vagas.portalemprego.com.br\/?p=3387"},"modified":"2026-04-29T06:04:04","modified_gmt":"2026-04-29T09:04:04","slug":"analista-de-dados-vaga-afirmativa-tambem-para-o-publico-pcd-administracao-rio-de-janeiro","status":"publish","type":"post","link":"https:\/\/vagas.portalemprego.com.br\/?p=3387","title":{"rendered":"Analista de Dados &#8211; Vaga afirmativa tamb\u00e9m para o p\u00fablico PCD &#8211; Administra\u00e7\u00e3o &#8211; Rio de Janeiro"},"content":{"rendered":"<p>Esta vaga tamb\u00e9m \u00e9 destinada a Pessoas com Defici\u00eancia (PCD). Valorizamos a diversidade e incentivamos a candidatura de profissionais de todos os perfis. Principais Atividades Preparar, organizar e atualizar bases de dados utilizadas em an\u00e1lises operacionais da \u00e1rea digital. Realizar consultas simples em banco de dados para extra\u00e7\u00e3o e consolida\u00e7\u00e3o de informa\u00e7\u00f5es. Estruturar e manter modelos de relat\u00f3rios e dashboards padr\u00e3o para acompanhamento de indicadores. Apoiar as \u00e1reas de Sucesso do Cliente e Comercial na organiza\u00e7\u00e3o e acompanhamento de dados relacionados \u00e0s campanhas digitais. Monitorar e consolidar m\u00e9tricas de performance digital, como CTR, Viewability, Alcance e Frequ\u00eancia. Apoiar na valida\u00e7\u00e3o e qualidade dos dados utilizados nas an\u00e1lises e relat\u00f3rios. Auxiliar na organiza\u00e7\u00e3o e manuten\u00e7\u00e3o das bases em BigQuery ou ambientes de Data Warehouse. No ManpowerGroup, a sua carreira tem um novo rumo! Se voc\u00ea est\u00e1 em busca de crescimento, desafios e um ambiente que valoriza o seu potencial, venha fazer parte do nosso time. Aqui, cada talento \u00e9 reconhecido e valorizado. Candidate-se agora e transforme seu futuro com a gente !<br \/>\nRequisitos e qualifica\u00e7\u00f5es<br \/>\nForma\u00e7\u00e3o: Gradua\u00e7\u00e3o completa em Estat\u00edstica, Ci\u00eancia da Computa\u00e7\u00e3o, Engenharia, Sistemas de Informa\u00e7\u00e3o, Matem\u00e1tica, Administra\u00e7\u00e3o ou \u00e1reas correlatas. Conhecimentos t\u00e9cnicos: SQL b\u00e1sico para consultas e extra\u00e7\u00e3o de dados Experi\u00eancia com prepara\u00e7\u00e3o e organiza\u00e7\u00e3o de bases de dados Experi\u00eancia com estrutura\u00e7\u00e3o de relat\u00f3rios e acompanhamento de indicadores Conhecimento em m\u00e9tricas de performance digital (CTR, Viewability, Alcance e Frequ\u00eancia) Conhecimento em Google Ad Manager Experi\u00eancia com ferramentas de Business Intelligence ou dashboards Excel intermedi\u00e1rio #AnalistaDeDados #VagaAfirmativa #Inclus\u00e3oPCD #OportunidadeDeEmprego #VagaPCD<\/p>\n<ul>\n<li>Local de trabalho: Rio de Janeiro, RJ<\/li>\n<li>Regime de contrata\u00e7\u00e3o de tipo: Tempor\u00e1rio<\/li>\n<li>Jornada: Per\u00edodo Integral<\/li>\n<li>\u00c1rea e especializa\u00e7\u00e3o profissional: Administra\u00e7\u00e3o &#8211; Administra\u00e7\u00e3o Geral<\/li>\n<li>N\u00edvel hier\u00e1rquico: Analista<\/li>\n<\/ul>\n<p>Escolaridade M\u00ednima: Ensino Superior<\/p>\n<ul>\n<li>Vale Refei\u00e7\u00e3o; Vale Transporte.<\/li>\n<\/ul>\n<p>Sal\u00e1rio: 6400,0<\/p>\n","protected":false},"excerpt":{"rendered":"<p>Esta vaga tamb\u00e9m \u00e9 destinada a Pessoas com Defici\u00eancia (PCD). Valorizamos a diversidade e incentivamos a candidatura de profissionais de todos os perfis. Principais Atividades Preparar, organizar e atualizar bases de dados utilizadas em an\u00e1lises operacionais da \u00e1rea digital. Realizar consultas simples em banco de dados para extra\u00e7\u00e3o e consolida\u00e7\u00e3o de informa\u00e7\u00f5es. Estruturar e manter [&hellip;]<\/p>\n","protected":false},"author":1,"featured_media":0,"comment_status":"open","ping_status":"open","sticky":false,"template":"","format":"standard","meta":{"footnotes":""},"categories":[21],"tags":[],"class_list":["post-3387","post","type-post","status-publish","format-standard","hentry","category-rio-de-janeiro-rj"],"_links":{"self":[{"href":"https:\/\/vagas.portalemprego.com.br\/index.php?rest_route=\/wp\/v2\/posts\/3387","targetHints":{"allow":["GET"]}}],"collection":[{"href":"https:\/\/vagas.portalemprego.com.br\/index.php?rest_route=\/wp\/v2\/posts"}],"about":[{"href":"https:\/\/vagas.portalemprego.com.br\/index.php?rest_route=\/wp\/v2\/types\/post"}],"author":[{"embeddable":true,"href":"https:\/\/vagas.portalemprego.com.br\/index.php?rest_route=\/wp\/v2\/users\/1"}],"replies":[{"embeddable":true,"href":"https:\/\/vagas.portalemprego.com.br\/index.php?rest_route=%2Fwp%2Fv2%2Fcomments&post=3387"}],"version-history":[{"count":0,"href":"https:\/\/vagas.portalemprego.com.br\/index.php?rest_route=\/wp\/v2\/posts\/3387\/revisions"}],"wp:attachment":[{"href":"https:\/\/vagas.portalemprego.com.br\/index.php?rest_route=%2Fwp%2Fv2%2Fmedia&parent=3387"}],"wp:term":[{"taxonomy":"category","embeddable":true,"href":"https:\/\/vagas.portalemprego.com.br\/index.php?rest_route=%2Fwp%2Fv2%2Fcategories&post=3387"},{"taxonomy":"post_tag","embeddable":true,"href":"https:\/\/vagas.portalemprego.com.br\/index.php?rest_route=%2Fwp%2Fv2%2Ftags&post=3387"}],"curies":[{"name":"wp","href":"https:\/\/api.w.org\/{rel}","templated":true}]}}