{"id":3390,"date":"2026-04-29T06:04:04","date_gmt":"2026-04-29T09:04:04","guid":{"rendered":"https:\/\/vagas.portalemprego.com.br\/?p=3390"},"modified":"2026-04-29T06:04:04","modified_gmt":"2026-04-29T09:04:04","slug":"baba-servicos-gerais-porto-real","status":"publish","type":"post","link":"https:\/\/vagas.portalemprego.com.br\/?p=3390","title":{"rendered":"Bab\u00e1 &#8211; Servi\u00e7os Gerais &#8211; Porto Real"},"content":{"rendered":"<p>Dados\u00a0da\u00a0vaga<br \/>\nTipo de contrata\u00e7\u00e3o: Aut\u00f4nomo,Prestador de servi\u00e7o (PJ)<br \/>\n\u00c1rea profissional : Educa\u00e7\u00e3o<br \/>\nCarga hor\u00e1ria: 15<br \/>\nJornada de trabalho: Segunda a Sexta: 09h00 \u00e0s 12h00<br \/>\nSal\u00e1rio: R$ 18,00\/hora<br \/>\nBenef\u00edcios<br \/>\n3 horas di\u00e1rias de segunda a sexta, sendo 18 reais\/hora.<br \/>\nResponsabilidades\u00a0e\u00a0atribui\u00e7\u00f5es<br \/>\nCuidar, brincar e ajudar a fazer tarefas de uma crian\u00e7a de 9 anos.<br \/>\nRequisitos\u00a0e\u00a0qualifica\u00e7\u00f5es<br \/>\n Experi\u00eancia com crian\u00e7as.<br \/>\nCursando Pedagogia ou licenciatura<\/p>\n<ul>\n<li>Local de trabalho: Porto Real, RJ<\/li>\n<li>Regime de contrata\u00e7\u00e3o de tipo: Prestador de Servi\u00e7os (PJ)<\/li>\n<li>Jornada: Per\u00edodo Integral<\/li>\n<li>\u00c1rea e especializa\u00e7\u00e3o profissional: Servi\u00e7os Gerais &#8211; Bab\u00e1<\/li>\n<li>N\u00edvel hier\u00e1rquico: Auxiliar<\/li>\n<\/ul>\n<p>Escolaridade M\u00ednima: Ensino Superior<\/p>\n<p>Sal\u00e1rio: 1080,0<\/p>\n","protected":false},"excerpt":{"rendered":"<p>Dados\u00a0da\u00a0vaga Tipo de contrata\u00e7\u00e3o: Aut\u00f4nomo,Prestador de servi\u00e7o (PJ) \u00c1rea profissional : Educa\u00e7\u00e3o Carga hor\u00e1ria: 15 Jornada de trabalho: Segunda a Sexta: 09h00 \u00e0s 12h00 Sal\u00e1rio: R$ 18,00\/hora Benef\u00edcios 3 horas di\u00e1rias de segunda a sexta, sendo 18 reais\/hora. Responsabilidades\u00a0e\u00a0atribui\u00e7\u00f5es Cuidar, brincar e ajudar a fazer tarefas de uma crian\u00e7a de 9 anos. Requisitos\u00a0e\u00a0qualifica\u00e7\u00f5es Experi\u00eancia com [&hellip;]<\/p>\n","protected":false},"author":1,"featured_media":0,"comment_status":"open","ping_status":"open","sticky":false,"template":"","format":"standard","meta":{"footnotes":""},"categories":[21],"tags":[],"class_list":["post-3390","post","type-post","status-publish","format-standard","hentry","category-rio-de-janeiro-rj"],"_links":{"self":[{"href":"https:\/\/vagas.portalemprego.com.br\/index.php?rest_route=\/wp\/v2\/posts\/3390","targetHints":{"allow":["GET"]}}],"collection":[{"href":"https:\/\/vagas.portalemprego.com.br\/index.php?rest_route=\/wp\/v2\/posts"}],"about":[{"href":"https:\/\/vagas.portalemprego.com.br\/index.php?rest_route=\/wp\/v2\/types\/post"}],"author":[{"embeddable":true,"href":"https:\/\/vagas.portalemprego.com.br\/index.php?rest_route=\/wp\/v2\/users\/1"}],"replies":[{"embeddable":true,"href":"https:\/\/vagas.portalemprego.com.br\/index.php?rest_route=%2Fwp%2Fv2%2Fcomments&post=3390"}],"version-history":[{"count":0,"href":"https:\/\/vagas.portalemprego.com.br\/index.php?rest_route=\/wp\/v2\/posts\/3390\/revisions"}],"wp:attachment":[{"href":"https:\/\/vagas.portalemprego.com.br\/index.php?rest_route=%2Fwp%2Fv2%2Fmedia&parent=3390"}],"wp:term":[{"taxonomy":"category","embeddable":true,"href":"https:\/\/vagas.portalemprego.com.br\/index.php?rest_route=%2Fwp%2Fv2%2Fcategories&post=3390"},{"taxonomy":"post_tag","embeddable":true,"href":"https:\/\/vagas.portalemprego.com.br\/index.php?rest_route=%2Fwp%2Fv2%2Ftags&post=3390"}],"curies":[{"name":"wp","href":"https:\/\/api.w.org\/{rel}","templated":true}]}}