{"id":3395,"date":"2026-04-29T06:04:04","date_gmt":"2026-04-29T09:04:04","guid":{"rendered":"https:\/\/vagas.portalemprego.com.br\/?p=3395"},"modified":"2026-04-29T06:04:04","modified_gmt":"2026-04-29T09:04:04","slug":"auxiliar-de-servicos-gerais-servicos-gerais-queimados-2","status":"publish","type":"post","link":"https:\/\/vagas.portalemprego.com.br\/?p=3395","title":{"rendered":"AUXILIAR DE SERVICOS GERAIS &#8211; Servi\u00e7os Gerais &#8211; Queimados"},"content":{"rendered":"<p>Introdu\u00e7\u00e3o:Estamos buscando um Auxiliar de Servi\u00e7os Gerais para se juntar ao nosso time. A posi\u00e7\u00e3o oferece uma oportunidade de contribuir com atividades essenciais para o bom funcionamento da empresa.<br \/>\nFun\u00e7\u00f5es:<br \/>\nRealizar limpeza e organiza\u00e7\u00e3o de espa\u00e7os comuns;<br \/>\nAcompanhar e reportar qualquer irregularidade ou necessidade de reparo;<br \/>\nColaborar com outros setores em tarefas de apoio.<\/p>\n<p>Requisitos:<br \/>\nExperi\u00eancia em servi\u00e7os gerais;<br \/>\nCapacidade de trabalhar em equipe e autonomia.<\/p>\n<p>Benef\u00edcios:<br \/>\nOferecemos um ambiente de trabalho agrad\u00e1vel;<br \/>\nVoc\u00ea ter\u00e1 acesso a treinamentos e desenvolvimento profissional;<br \/>\nAmbiente de colabora\u00e7\u00e3o e respeito m\u00fatuo.<\/p>\n<p>Esta \u00e9 uma oportunidade para quem busca um trabalho que contribui para a efici\u00eancia e organiza\u00e7\u00e3o do dia a dia da empresa. Venha fazer parte de um ambiente profissional e colaborativo!<\/p>\n<ul>\n<li>N\u00famero de vagas: 2<\/li>\n<li>Local de trabalho: Queimados, RJ<\/li>\n<li>Regime de contrata\u00e7\u00e3o de tipo: Efetivo \u2013 CLT<\/li>\n<li>Jornada: Per\u00edodo Integral<\/li>\n<li>\u00c1rea e especializa\u00e7\u00e3o profissional: Servi\u00e7os Gerais &#8211; Limpeza<\/li>\n<li>N\u00edvel hier\u00e1rquico: Auxiliar<\/li>\n<\/ul>\n<p>VALORIZADO<\/p>\n<p>Tempo de experi\u00eancia: Menos de 1 ano<\/p>\n<p>HABILIDADES<\/p>\n<ul>\n<li>Servi\u00e7os gerais<\/li>\n<li>Transporte<\/li>\n<li>Gest\u00e3o do ambiente de trabalho<\/li>\n<li>Servi\u00e7o ao cliente<\/li>\n<li>Trabalho em equipe<\/li>\n<\/ul>\n<p>Escolaridade M\u00ednima: Ensino Fundamental (1\u00ba grau)<\/p>\n<p>Sal\u00e1rio: 1730,75<\/p>\n","protected":false},"excerpt":{"rendered":"<p>Introdu\u00e7\u00e3o:Estamos buscando um Auxiliar de Servi\u00e7os Gerais para se juntar ao nosso time. A posi\u00e7\u00e3o oferece uma oportunidade de contribuir com atividades essenciais para o bom funcionamento da empresa. Fun\u00e7\u00f5es: Realizar limpeza e organiza\u00e7\u00e3o de espa\u00e7os comuns; Acompanhar e reportar qualquer irregularidade ou necessidade de reparo; Colaborar com outros setores em tarefas de apoio. Requisitos: [&hellip;]<\/p>\n","protected":false},"author":1,"featured_media":0,"comment_status":"open","ping_status":"open","sticky":false,"template":"","format":"standard","meta":{"footnotes":""},"categories":[21],"tags":[],"class_list":["post-3395","post","type-post","status-publish","format-standard","hentry","category-rio-de-janeiro-rj"],"_links":{"self":[{"href":"https:\/\/vagas.portalemprego.com.br\/index.php?rest_route=\/wp\/v2\/posts\/3395","targetHints":{"allow":["GET"]}}],"collection":[{"href":"https:\/\/vagas.portalemprego.com.br\/index.php?rest_route=\/wp\/v2\/posts"}],"about":[{"href":"https:\/\/vagas.portalemprego.com.br\/index.php?rest_route=\/wp\/v2\/types\/post"}],"author":[{"embeddable":true,"href":"https:\/\/vagas.portalemprego.com.br\/index.php?rest_route=\/wp\/v2\/users\/1"}],"replies":[{"embeddable":true,"href":"https:\/\/vagas.portalemprego.com.br\/index.php?rest_route=%2Fwp%2Fv2%2Fcomments&post=3395"}],"version-history":[{"count":0,"href":"https:\/\/vagas.portalemprego.com.br\/index.php?rest_route=\/wp\/v2\/posts\/3395\/revisions"}],"wp:attachment":[{"href":"https:\/\/vagas.portalemprego.com.br\/index.php?rest_route=%2Fwp%2Fv2%2Fmedia&parent=3395"}],"wp:term":[{"taxonomy":"category","embeddable":true,"href":"https:\/\/vagas.portalemprego.com.br\/index.php?rest_route=%2Fwp%2Fv2%2Fcategories&post=3395"},{"taxonomy":"post_tag","embeddable":true,"href":"https:\/\/vagas.portalemprego.com.br\/index.php?rest_route=%2Fwp%2Fv2%2Ftags&post=3395"}],"curies":[{"name":"wp","href":"https:\/\/api.w.org\/{rel}","templated":true}]}}