{"id":3396,"date":"2026-04-29T06:04:04","date_gmt":"2026-04-29T09:04:04","guid":{"rendered":"https:\/\/vagas.portalemprego.com.br\/?p=3396"},"modified":"2026-04-29T06:04:04","modified_gmt":"2026-04-29T09:04:04","slug":"secretaria-de-diretoria-administracao-rio-de-janeiro","status":"publish","type":"post","link":"https:\/\/vagas.portalemprego.com.br\/?p=3396","title":{"rendered":"Secret\u00e1ria de Diretoria &#8211; Administra\u00e7\u00e3o &#8211; Rio de Janeiro"},"content":{"rendered":"<p>A ATA-RH busca um profissional para o cargo de Secret\u00e1rio de Diretoria. Esta \u00e9 uma oportunidade para quem busca atuar em um ambiente din\u00e2mico e colaborativo, contribuindo para o sucesso da empresa.<br \/>\nFun\u00e7\u00f5es:<br \/>\nGerenciar a agenda do diretor;<br \/>\nCoordenar reuni\u00f5es e eventos;<br \/>\nAcompanhar projetos e relat\u00f3rios;<br \/>\nColaborar com equipes internas e externas.<\/p>\n<p>Requisitos:<br \/>\nExperi\u00eancia em secretariado ou cargos similares;<br \/>\nConhecimento em ferramentas de escrit\u00f3rio;<br \/>\nCapacidade de organiza\u00e7\u00e3o e planejamento.<\/p>\n<p>Esta \u00e9 uma oportunidade para quem busca um cargo desafiador e gratificante. Junte-se \u00e0 ATA-RH e contribua para o nosso sucesso!<\/p>\n<ul>\n<li>Local de trabalho: Rio de Janeiro, RJ<\/li>\n<li>Regime de contrata\u00e7\u00e3o de tipo: Efetivo \u2013 CLT<\/li>\n<li>Jornada: Per\u00edodo Integral<\/li>\n<li>\u00c1rea e especializa\u00e7\u00e3o profissional: Administra\u00e7\u00e3o &#8211; Secretariado<\/li>\n<li>N\u00edvel hier\u00e1rquico: Especialista<\/li>\n<\/ul>\n<p>VALORIZADO<\/p>\n<p>Tempo de experi\u00eancia: Entre 1 e 3 anos<\/p>\n<p>Escolaridade M\u00ednima: Ensino Superior<\/p>\n<p>Sal\u00e1rio: 5000,0<\/p>\n","protected":false},"excerpt":{"rendered":"<p>A ATA-RH busca um profissional para o cargo de Secret\u00e1rio de Diretoria. Esta \u00e9 uma oportunidade para quem busca atuar em um ambiente din\u00e2mico e colaborativo, contribuindo para o sucesso da empresa. Fun\u00e7\u00f5es: Gerenciar a agenda do diretor; Coordenar reuni\u00f5es e eventos; Acompanhar projetos e relat\u00f3rios; Colaborar com equipes internas e externas. Requisitos: Experi\u00eancia em [&hellip;]<\/p>\n","protected":false},"author":1,"featured_media":0,"comment_status":"open","ping_status":"open","sticky":false,"template":"","format":"standard","meta":{"footnotes":""},"categories":[21],"tags":[],"class_list":["post-3396","post","type-post","status-publish","format-standard","hentry","category-rio-de-janeiro-rj"],"_links":{"self":[{"href":"https:\/\/vagas.portalemprego.com.br\/index.php?rest_route=\/wp\/v2\/posts\/3396","targetHints":{"allow":["GET"]}}],"collection":[{"href":"https:\/\/vagas.portalemprego.com.br\/index.php?rest_route=\/wp\/v2\/posts"}],"about":[{"href":"https:\/\/vagas.portalemprego.com.br\/index.php?rest_route=\/wp\/v2\/types\/post"}],"author":[{"embeddable":true,"href":"https:\/\/vagas.portalemprego.com.br\/index.php?rest_route=\/wp\/v2\/users\/1"}],"replies":[{"embeddable":true,"href":"https:\/\/vagas.portalemprego.com.br\/index.php?rest_route=%2Fwp%2Fv2%2Fcomments&post=3396"}],"version-history":[{"count":0,"href":"https:\/\/vagas.portalemprego.com.br\/index.php?rest_route=\/wp\/v2\/posts\/3396\/revisions"}],"wp:attachment":[{"href":"https:\/\/vagas.portalemprego.com.br\/index.php?rest_route=%2Fwp%2Fv2%2Fmedia&parent=3396"}],"wp:term":[{"taxonomy":"category","embeddable":true,"href":"https:\/\/vagas.portalemprego.com.br\/index.php?rest_route=%2Fwp%2Fv2%2Fcategories&post=3396"},{"taxonomy":"post_tag","embeddable":true,"href":"https:\/\/vagas.portalemprego.com.br\/index.php?rest_route=%2Fwp%2Fv2%2Ftags&post=3396"}],"curies":[{"name":"wp","href":"https:\/\/api.w.org\/{rel}","templated":true}]}}