{"id":3402,"date":"2026-04-29T06:04:04","date_gmt":"2026-04-29T09:04:04","guid":{"rendered":"https:\/\/vagas.portalemprego.com.br\/?p=3402"},"modified":"2026-04-29T06:04:04","modified_gmt":"2026-04-29T09:04:04","slug":"balconista-de-medicamentos-comercial-vendas-duque-de-caxias","status":"publish","type":"post","link":"https:\/\/vagas.portalemprego.com.br\/?p=3402","title":{"rendered":"Balconista de Medicamentos &#8211; Comercial, Vendas &#8211; Duque de Caxias"},"content":{"rendered":"<p>Sobre a posi\u00e7\u00e3o<br \/>\nBuscamos um profissional com energia de vendas, foco em metas e mentalidade de crescimento para atuar diretamente na experi\u00eancia do cliente e no aumento do faturamento da loja.<br \/>\nAqui, atendimento n\u00e3o \u00e9 operacional\u00a0 \u00e9 estrat\u00e9gico.<br \/>\n?? O que esperamos de voc\u00ea:<br \/>\nProatividade e postura comercial ativa<br \/>\nFoco em metas e resultados<br \/>\nAgilidade no atendimento<br \/>\nCapacidade de trabalhar sob press\u00e3o com organiza\u00e7\u00e3o<br \/>\nBoa comunica\u00e7\u00e3o e escuta ativa<br \/>\nTrabalho em equipe com mentalidade colaborativa<br \/>\nInteresse em crescer junto com a empresa<br \/>\n?? Requisitos:<br \/>\nExperi\u00eancia anterior como balconista ou vendas no varejo farmac\u00eautico (Obrigat\u00f3rio)<br \/>\nConhecimento\u00a0 de medicamentos e atendimento ao cliente<br \/>\nDisponibilidade de hor\u00e1rio<br \/>\n?? Perfil comportamental ideal:<br \/>\nAmbicioso (a) de forma saud\u00e1vel, comprometido, resiliente e com vontade real de evoluir.<\/p>\n<p>?? Cuidamos de Pessoas, Crescemos com Talentos!<\/p>\n<p>Somos uma empresa do ramo varejista farmac\u00eautico em constante crescimento, com foco em excel\u00eancia no atendimento e resultados sustent\u00e1veis.<br \/>\nAcreditamos que pessoas s\u00e3o o principal diferencial competitivo do nosso neg\u00f3cio. Por isso, investimos na melhoria cont\u00ednua dos nossos processos, no desenvolvimento da equipe e na constru\u00e7\u00e3o de um ambiente colaborativo, \u00e9tico e orientado a resultados.<br \/>\nNossa cultura \u00e9 baseada em:<br \/>\nMentalidade de crescimento<br \/>\nTrabalho em equipe<br \/>\nFoco em metas<br \/>\nRespeito e responsabilidade<br \/>\nCompromisso com a experi\u00eancia do cliente<br \/>\nAqui valorizamos:<br \/>\n\u00a0? Proatividade<br \/>\n\u00a0? Comprometimento<br \/>\n\u00a0? Esp\u00edrito de equipe<br \/>\n\u00a0? Foco em resultados<br \/>\n\u00a0? Desenvolvimento cont\u00ednuo<br \/>\nSe voc\u00ea busca um ambiente din\u00e2mico, com oportunidades de evolu\u00e7\u00e3o e reconhecimento por desempenho, esse \u00e9 o seu lugar.<\/p>\n<ul>\n<li>N\u00famero de vagas: 2<\/li>\n<li>Local de trabalho: Duque de Caxias, RJ<\/li>\n<li>Regime de contrata\u00e7\u00e3o de tipo: Efetivo \u2013 CLT<\/li>\n<li>Jornada: Per\u00edodo Integral<\/li>\n<li>\u00c1rea e especializa\u00e7\u00e3o profissional: Comercial, Vendas &#8211; Atendimento<\/li>\n<li>N\u00edvel hier\u00e1rquico: Operacional<\/li>\n<\/ul>\n<p>VALORIZADO<\/p>\n<p>Tempo de experi\u00eancia: Entre 1 e 3 anos<\/p>\n<p>HABILIDADES<\/p>\n<ul>\n<li>Responsabilidade e \u00e9tica<\/li>\n<li>Comunicativo<\/li>\n<li>Proatividade<\/li>\n<li>Atendimento ao Cliente<\/li>\n<li>Trabalho em equipe<\/li>\n<\/ul>\n<p>Escolaridade M\u00ednima: Ensino M\u00e9dio (2\u00ba Grau)<\/p>\n<p>Sal\u00e1rio: 3500,0<\/p>\n","protected":false},"excerpt":{"rendered":"<p>Sobre a posi\u00e7\u00e3o Buscamos um profissional com energia de vendas, foco em metas e mentalidade de crescimento para atuar diretamente na experi\u00eancia do cliente e no aumento do faturamento da loja. Aqui, atendimento n\u00e3o \u00e9 operacional\u00a0 \u00e9 estrat\u00e9gico. ?? O que esperamos de voc\u00ea: Proatividade e postura comercial ativa Foco em metas e resultados Agilidade [&hellip;]<\/p>\n","protected":false},"author":1,"featured_media":0,"comment_status":"open","ping_status":"open","sticky":false,"template":"","format":"standard","meta":{"footnotes":""},"categories":[21],"tags":[],"class_list":["post-3402","post","type-post","status-publish","format-standard","hentry","category-rio-de-janeiro-rj"],"_links":{"self":[{"href":"https:\/\/vagas.portalemprego.com.br\/index.php?rest_route=\/wp\/v2\/posts\/3402","targetHints":{"allow":["GET"]}}],"collection":[{"href":"https:\/\/vagas.portalemprego.com.br\/index.php?rest_route=\/wp\/v2\/posts"}],"about":[{"href":"https:\/\/vagas.portalemprego.com.br\/index.php?rest_route=\/wp\/v2\/types\/post"}],"author":[{"embeddable":true,"href":"https:\/\/vagas.portalemprego.com.br\/index.php?rest_route=\/wp\/v2\/users\/1"}],"replies":[{"embeddable":true,"href":"https:\/\/vagas.portalemprego.com.br\/index.php?rest_route=%2Fwp%2Fv2%2Fcomments&post=3402"}],"version-history":[{"count":0,"href":"https:\/\/vagas.portalemprego.com.br\/index.php?rest_route=\/wp\/v2\/posts\/3402\/revisions"}],"wp:attachment":[{"href":"https:\/\/vagas.portalemprego.com.br\/index.php?rest_route=%2Fwp%2Fv2%2Fmedia&parent=3402"}],"wp:term":[{"taxonomy":"category","embeddable":true,"href":"https:\/\/vagas.portalemprego.com.br\/index.php?rest_route=%2Fwp%2Fv2%2Fcategories&post=3402"},{"taxonomy":"post_tag","embeddable":true,"href":"https:\/\/vagas.portalemprego.com.br\/index.php?rest_route=%2Fwp%2Fv2%2Ftags&post=3402"}],"curies":[{"name":"wp","href":"https:\/\/api.w.org\/{rel}","templated":true}]}}