{"id":3404,"date":"2026-04-29T06:04:04","date_gmt":"2026-04-29T09:04:04","guid":{"rendered":"https:\/\/vagas.portalemprego.com.br\/?p=3404"},"modified":"2026-04-29T06:04:04","modified_gmt":"2026-04-29T09:04:04","slug":"mecanico-de-refrigeracao-niteroi-rj-construcao-manutencao-niteroi","status":"publish","type":"post","link":"https:\/\/vagas.portalemprego.com.br\/?p=3404","title":{"rendered":"Mec\u00e2nico de Refrigera\u00e7\u00e3o &#8211; Niter\u00f3i\/RJ &#8211; Constru\u00e7\u00e3o, Manuten\u00e7\u00e3o &#8211; Niter\u00f3i"},"content":{"rendered":"<p>A\u00a0Onet\u00a0Brasil\u00a0est\u00e1\u00a0com\u00a0vagas\u00a0abertas\u00a0para\u00a0Mec\u00e2nico de Refrigera\u00e7\u00e3o ,\u00a0localizado\u00a0em Niter\u00f3i\/ RJ<br \/>\nEscala: Necess\u00e1rio disponibilidade de escala e hor\u00e1rio\u00a0<\/p>\n<p>Sal\u00e1rio:\u00a0R$\u00a02.625,00<br \/>\nBenef\u00edcios:<br \/>\nVale\u00a0alimenta\u00e7\u00e3o\u00a0R$ 19,41\/DIA<br \/>\nVale-Transporte<br \/>\n30% de Periculosidade<\/p>\n<p>Principais\u00a0responsabilidades:<br \/>\nInstalar, inspecionar e reparar sistemas de ar-condicionado, chillers, c\u00e2maras frias, split, VRF e outros equipamentos de refrigera\u00e7\u00e3o;<br \/>\nDiagnosticar defeitos e realizar trocas de componentes, como compressores, condensadores, evaporadores, motores e v\u00e1lvulas; Executar vistorias t\u00e9cnicas e manuten\u00e7\u00e3o preventiva, como limpeza de filtros, cargas de g\u00e1s refrigerante, e ajustes de sistemas;<br \/>\nInterpretar esquemas el\u00e9tricos e diagramas de refrigera\u00e7\u00e3o;<br \/>\nElaborar relat\u00f3rios t\u00e9cnicos de manuten\u00e7\u00e3o; Cumprir normas de seguran\u00e7a, meio ambiente e qualidade.<\/p>\n<p>Requisitos:<br \/>\nCurso na \u00e1rea de refrigera\u00e7\u00e3o<br \/>\nNR 10 E 35<br \/>\nConhecimento em Eletrica<br \/>\nNossa\u00a0empresa\u00a0acredita\u00a0na\u00a0diversidade\u00a0e\u00a0na\u00a0inclus\u00e3o\u00a0de\u00a0todos.\u00a0Por\u00a0isso,\u00a0as\u00a0vagas\u00a0abertas\u00a0s\u00e3o\u00a0tamb\u00e9m\u00a0para\u00a0Pessoas\u00a0com\u00a0Defici\u00eancia\u00a0(PCD).<\/p>\n<ul>\n<li>Local de trabalho: Niter\u00f3i, RJ<\/li>\n<li>Regime de contrata\u00e7\u00e3o de tipo: Efetivo \u2013 CLT<\/li>\n<li>Jornada: Per\u00edodo Integral<\/li>\n<li>\u00c1rea e especializa\u00e7\u00e3o profissional: Constru\u00e7\u00e3o, Manuten\u00e7\u00e3o &#8211; Manuten\u00e7\u00e3o Mec\u00e2nica<\/li>\n<li>N\u00edvel hier\u00e1rquico: Operacional<\/li>\n<\/ul>\n<p>Escolaridade M\u00ednima: Ensino M\u00e9dio (2\u00ba Grau)<\/p>\n<p>Sal\u00e1rio: 2700,0<\/p>\n","protected":false},"excerpt":{"rendered":"<p>A\u00a0Onet\u00a0Brasil\u00a0est\u00e1\u00a0com\u00a0vagas\u00a0abertas\u00a0para\u00a0Mec\u00e2nico de Refrigera\u00e7\u00e3o ,\u00a0localizado\u00a0em Niter\u00f3i\/ RJ Escala: Necess\u00e1rio disponibilidade de escala e hor\u00e1rio\u00a0 Sal\u00e1rio:\u00a0R$\u00a02.625,00 Benef\u00edcios: Vale\u00a0alimenta\u00e7\u00e3o\u00a0R$ 19,41\/DIA Vale-Transporte 30% de Periculosidade Principais\u00a0responsabilidades: Instalar, inspecionar e reparar sistemas de ar-condicionado, chillers, c\u00e2maras frias, split, VRF e outros equipamentos de refrigera\u00e7\u00e3o; Diagnosticar defeitos e realizar trocas de componentes, como compressores, condensadores, evaporadores, motores e v\u00e1lvulas; Executar vistorias [&hellip;]<\/p>\n","protected":false},"author":1,"featured_media":0,"comment_status":"open","ping_status":"open","sticky":false,"template":"","format":"standard","meta":{"footnotes":""},"categories":[21],"tags":[],"class_list":["post-3404","post","type-post","status-publish","format-standard","hentry","category-rio-de-janeiro-rj"],"_links":{"self":[{"href":"https:\/\/vagas.portalemprego.com.br\/index.php?rest_route=\/wp\/v2\/posts\/3404","targetHints":{"allow":["GET"]}}],"collection":[{"href":"https:\/\/vagas.portalemprego.com.br\/index.php?rest_route=\/wp\/v2\/posts"}],"about":[{"href":"https:\/\/vagas.portalemprego.com.br\/index.php?rest_route=\/wp\/v2\/types\/post"}],"author":[{"embeddable":true,"href":"https:\/\/vagas.portalemprego.com.br\/index.php?rest_route=\/wp\/v2\/users\/1"}],"replies":[{"embeddable":true,"href":"https:\/\/vagas.portalemprego.com.br\/index.php?rest_route=%2Fwp%2Fv2%2Fcomments&post=3404"}],"version-history":[{"count":0,"href":"https:\/\/vagas.portalemprego.com.br\/index.php?rest_route=\/wp\/v2\/posts\/3404\/revisions"}],"wp:attachment":[{"href":"https:\/\/vagas.portalemprego.com.br\/index.php?rest_route=%2Fwp%2Fv2%2Fmedia&parent=3404"}],"wp:term":[{"taxonomy":"category","embeddable":true,"href":"https:\/\/vagas.portalemprego.com.br\/index.php?rest_route=%2Fwp%2Fv2%2Fcategories&post=3404"},{"taxonomy":"post_tag","embeddable":true,"href":"https:\/\/vagas.portalemprego.com.br\/index.php?rest_route=%2Fwp%2Fv2%2Ftags&post=3404"}],"curies":[{"name":"wp","href":"https:\/\/api.w.org\/{rel}","templated":true}]}}