{"id":3405,"date":"2026-04-29T06:04:04","date_gmt":"2026-04-29T09:04:04","guid":{"rendered":"https:\/\/vagas.portalemprego.com.br\/?p=3405"},"modified":"2026-04-29T06:04:04","modified_gmt":"2026-04-29T09:04:04","slug":"encarregado-de-limpeza-niteroi-servicos-gerais-niteroi","status":"publish","type":"post","link":"https:\/\/vagas.portalemprego.com.br\/?p=3405","title":{"rendered":"Encarregado de Limpeza &#8211; NITER\u00d3I &#8211; Servi\u00e7os Gerais &#8211; Niter\u00f3i"},"content":{"rendered":"<p>Acompanha e orienta as atividades da equipe de limpeza e conserva\u00e7\u00e3o e do uso adequado de equipamentos; Distribui servi\u00e7os aos funcion\u00e1rios, elabora escalas de trabalho e acompanha ordem de servi\u00e7os; Cargo de lideran\u00e7a, emite planilhas da empresa, controla anota\u00e7\u00e3o de ponto; Tamb\u00e9m executa servi\u00e7os de ASG; Fiscaliza a distribui\u00e7\u00e3o e utiliza\u00e7\u00e3o regular dos EPI\u2019s.; Controla estoque e faz requisi\u00e7\u00e3o de insumos; Zela pela guarda e uso adequado de equipamentos e m\u00e1quinas. Controle sobre atestados m\u00e9dicos. \u00c9 respons\u00e1vel pela comunica\u00e7\u00e3o \u201cIMEDIATA\u201d de colaboradores a serem repostos nos postos de trabalho.<\/p>\n<p>Pr\u00e9-requisitos:<br \/>\n\u2022\tEnsino m\u00e9dio completo;<br \/>\n\u2022\tExperi\u00eancia anterior como encarregado \/ l\u00edder ou supervisor de limpeza e conserva\u00e7\u00e3o;<br \/>\n\u2022\tHabilidade no uso de equipamentos de limpeza e produtos industriais;<br \/>\n\u2022\tEnergia para lidar com as exig\u00eancias f\u00edsicas do cargo;<br \/>\n\u2022\tFlexibilidade para trabalhar em diferentes turnos, incluindo noturnos e fins de semana.<\/p>\n<p>Todas as nossas vagas tamb\u00e9m est\u00e3o dispon\u00edveis para Pessoas com Defici\u00eancia (PCD). Valorizamos a diversidade e a inclus\u00e3o em nosso ambiente de trabalho.<\/p>\n<ul>\n<li>N\u00famero de vagas: 2<\/li>\n<li>Local de trabalho: Niter\u00f3i, RJ<\/li>\n<li>Regime de contrata\u00e7\u00e3o de tipo: Efetivo \u2013 CLT<\/li>\n<li>Jornada: Per\u00edodo Integral<\/li>\n<li>\u00c1rea e especializa\u00e7\u00e3o profissional: Servi\u00e7os Gerais &#8211; Limpeza<\/li>\n<li>N\u00edvel hier\u00e1rquico: Encarregado<\/li>\n<\/ul>\n<p>VALORIZADO<\/p>\n<p>Tempo de experi\u00eancia: Entre 1 e 3 anos<\/p>\n<p>Escolaridade M\u00ednima: Ensino M\u00e9dio (2\u00ba Grau)<\/p>\n<ul>\n<li>Alimenta\u00e7\u00e3o no local<\/li>\n<li>VT<\/li>\n<li>Desconto em Faculdades<\/li>\n<li>Desconto em curso de ingl\u00eas<\/li>\n<li>Seguro de vida em grupo<\/li>\n<\/ul>\n<p>Sal\u00e1rio: 2162,0<\/p>\n","protected":false},"excerpt":{"rendered":"<p>Acompanha e orienta as atividades da equipe de limpeza e conserva\u00e7\u00e3o e do uso adequado de equipamentos; Distribui servi\u00e7os aos funcion\u00e1rios, elabora escalas de trabalho e acompanha ordem de servi\u00e7os; Cargo de lideran\u00e7a, emite planilhas da empresa, controla anota\u00e7\u00e3o de ponto; Tamb\u00e9m executa servi\u00e7os de ASG; Fiscaliza a distribui\u00e7\u00e3o e utiliza\u00e7\u00e3o regular dos EPI\u2019s.; Controla [&hellip;]<\/p>\n","protected":false},"author":1,"featured_media":0,"comment_status":"open","ping_status":"open","sticky":false,"template":"","format":"standard","meta":{"footnotes":""},"categories":[21],"tags":[],"class_list":["post-3405","post","type-post","status-publish","format-standard","hentry","category-rio-de-janeiro-rj"],"_links":{"self":[{"href":"https:\/\/vagas.portalemprego.com.br\/index.php?rest_route=\/wp\/v2\/posts\/3405","targetHints":{"allow":["GET"]}}],"collection":[{"href":"https:\/\/vagas.portalemprego.com.br\/index.php?rest_route=\/wp\/v2\/posts"}],"about":[{"href":"https:\/\/vagas.portalemprego.com.br\/index.php?rest_route=\/wp\/v2\/types\/post"}],"author":[{"embeddable":true,"href":"https:\/\/vagas.portalemprego.com.br\/index.php?rest_route=\/wp\/v2\/users\/1"}],"replies":[{"embeddable":true,"href":"https:\/\/vagas.portalemprego.com.br\/index.php?rest_route=%2Fwp%2Fv2%2Fcomments&post=3405"}],"version-history":[{"count":0,"href":"https:\/\/vagas.portalemprego.com.br\/index.php?rest_route=\/wp\/v2\/posts\/3405\/revisions"}],"wp:attachment":[{"href":"https:\/\/vagas.portalemprego.com.br\/index.php?rest_route=%2Fwp%2Fv2%2Fmedia&parent=3405"}],"wp:term":[{"taxonomy":"category","embeddable":true,"href":"https:\/\/vagas.portalemprego.com.br\/index.php?rest_route=%2Fwp%2Fv2%2Fcategories&post=3405"},{"taxonomy":"post_tag","embeddable":true,"href":"https:\/\/vagas.portalemprego.com.br\/index.php?rest_route=%2Fwp%2Fv2%2Ftags&post=3405"}],"curies":[{"name":"wp","href":"https:\/\/api.w.org\/{rel}","templated":true}]}}