{"id":3406,"date":"2026-04-29T06:04:04","date_gmt":"2026-04-29T09:04:04","guid":{"rendered":"https:\/\/vagas.portalemprego.com.br\/?p=3406"},"modified":"2026-04-29T06:04:04","modified_gmt":"2026-04-29T09:04:04","slug":"vendedor-ativo-servicos-de-ponto-eletronico-comercial-vendas-rio-de-janeiro","status":"publish","type":"post","link":"https:\/\/vagas.portalemprego.com.br\/?p=3406","title":{"rendered":"Vendedor Ativo- Servi\u00e7os de Ponto eletr\u00f4nico &#8211; Comercial, Vendas &#8211; Rio de Janeiro"},"content":{"rendered":"<p>Sobre a vaga:<\/p>\n<p>Segmento: Vendas<br \/>\n\u00c1rea: Administrativo<br \/>\nLocal: Centro\/RJ<br \/>\nSal\u00e1rio: R$2.000 + Comiss\u00e3o Agressiva<br \/>\nBenef\u00edcios: VT + VA<br \/>\nPlano de sa\u00fade (Ap\u00f3s 90 dias- Per\u00edodo de experiencia)<br \/>\nContrato: CLT<br \/>\nModelo: Presencial<\/p>\n<p>Escala de Trabalho: Segunda \u00e0 sexta 08h \u00e0s 18:00h<\/p>\n<p>Atividades:<br \/>\nAtendimento inicial de leads vindos de WhatsApp, eventos e outros canais;<br \/>\nProspec\u00e7\u00e3o ativa de novos clientes;<br \/>\nParticipa\u00e7\u00e3o em eventos, feiras e a\u00e7\u00f5es comerciais ;<br \/>\nCondu\u00e7\u00e3o de conversas comerciais de forma consultiva;<br \/>\nLevantamento de necessidades e entendimento do cen\u00e1rio do cliente;<br \/>\nElabora\u00e7\u00e3o e envio de propostas comerciais personalizadas;<br \/>\nRealiza\u00e7\u00e3o de follow-ups at\u00e9 defini\u00e7\u00e3o do cliente;<br \/>\nAtualiza\u00e7\u00e3o de informa\u00e7\u00f5es e hist\u00f3rico no CRM;<br \/>\nApoio na formaliza\u00e7\u00e3o de contratos e coleta de documentos;<br \/>\nInterface com \u00e1reas internas (opera\u00e7\u00f5es, t\u00e9cnico e financeiro).<\/p>\n<p>Requisitos:<br \/>\nEnsino m\u00e9dio completo;<br \/>\nDesej\u00e1vel forma\u00e7\u00e3o ou em andamento em Administra\u00e7\u00e3o, Marketing, Gest\u00e3o Comercial ou \u00e1reas correlatas;<br \/>\nExperi\u00eancia na \u00e1rea comercial, vendas consultivas ou atendimento comercial;<br \/>\nDesej\u00e1vel conhecimento em Controle de Ponto e Controle de Acesso.<br \/>\nDesej\u00e1vel no\u00e7\u00f5es de legisla\u00e7\u00e3o trabalhista relacionadas a ponto eletr\u00f4nico<\/p>\n<ul>\n<li>Local de trabalho: Rio de Janeiro, RJ<\/li>\n<li>Regime de contrata\u00e7\u00e3o de tipo: Efetivo \u2013 CLT<\/li>\n<li>Jornada: Per\u00edodo Integral<\/li>\n<li>\u00c1rea e especializa\u00e7\u00e3o profissional: Comercial, Vendas &#8211; Venda Interna<\/li>\n<li>N\u00edvel hier\u00e1rquico: Operacional<\/li>\n<\/ul>\n<p>Escolaridade M\u00ednima: Ensino M\u00e9dio (2\u00ba Grau)<\/p>\n<p>Sal\u00e1rio: 2000,0<\/p>\n","protected":false},"excerpt":{"rendered":"<p>Sobre a vaga: Segmento: Vendas \u00c1rea: Administrativo Local: Centro\/RJ Sal\u00e1rio: R$2.000 + Comiss\u00e3o Agressiva Benef\u00edcios: VT + VA Plano de sa\u00fade (Ap\u00f3s 90 dias- Per\u00edodo de experiencia) Contrato: CLT Modelo: Presencial Escala de Trabalho: Segunda \u00e0 sexta 08h \u00e0s 18:00h Atividades: Atendimento inicial de leads vindos de WhatsApp, eventos e outros canais; Prospec\u00e7\u00e3o ativa de [&hellip;]<\/p>\n","protected":false},"author":1,"featured_media":0,"comment_status":"open","ping_status":"open","sticky":false,"template":"","format":"standard","meta":{"footnotes":""},"categories":[21],"tags":[],"class_list":["post-3406","post","type-post","status-publish","format-standard","hentry","category-rio-de-janeiro-rj"],"_links":{"self":[{"href":"https:\/\/vagas.portalemprego.com.br\/index.php?rest_route=\/wp\/v2\/posts\/3406","targetHints":{"allow":["GET"]}}],"collection":[{"href":"https:\/\/vagas.portalemprego.com.br\/index.php?rest_route=\/wp\/v2\/posts"}],"about":[{"href":"https:\/\/vagas.portalemprego.com.br\/index.php?rest_route=\/wp\/v2\/types\/post"}],"author":[{"embeddable":true,"href":"https:\/\/vagas.portalemprego.com.br\/index.php?rest_route=\/wp\/v2\/users\/1"}],"replies":[{"embeddable":true,"href":"https:\/\/vagas.portalemprego.com.br\/index.php?rest_route=%2Fwp%2Fv2%2Fcomments&post=3406"}],"version-history":[{"count":0,"href":"https:\/\/vagas.portalemprego.com.br\/index.php?rest_route=\/wp\/v2\/posts\/3406\/revisions"}],"wp:attachment":[{"href":"https:\/\/vagas.portalemprego.com.br\/index.php?rest_route=%2Fwp%2Fv2%2Fmedia&parent=3406"}],"wp:term":[{"taxonomy":"category","embeddable":true,"href":"https:\/\/vagas.portalemprego.com.br\/index.php?rest_route=%2Fwp%2Fv2%2Fcategories&post=3406"},{"taxonomy":"post_tag","embeddable":true,"href":"https:\/\/vagas.portalemprego.com.br\/index.php?rest_route=%2Fwp%2Fv2%2Ftags&post=3406"}],"curies":[{"name":"wp","href":"https:\/\/api.w.org\/{rel}","templated":true}]}}