{"id":3408,"date":"2026-04-29T06:04:04","date_gmt":"2026-04-29T09:04:04","guid":{"rendered":"https:\/\/vagas.portalemprego.com.br\/?p=3408"},"modified":"2026-04-29T06:04:04","modified_gmt":"2026-04-29T09:04:04","slug":"apoio-de-estacionamento-barra-recreio-niteroi-comercial-vendas-rio-de-janeiro","status":"publish","type":"post","link":"https:\/\/vagas.portalemprego.com.br\/?p=3408","title":{"rendered":"APOIO DE ESTACIONAMENTO &#8211; BARRA -RECREIO-NITER\u00d3I &#8211; Comercial, Vendas &#8211; Rio de Janeiro"},"content":{"rendered":"<p>Apoiar na organiza\u00e7\u00e3o e controle do estacionamento<br \/>\nRecolher e organizar carrinhos de compras<br \/>\nAuxiliar clientes quando necess\u00e1rio<br \/>\nZelar pela organiza\u00e7\u00e3o do local<br \/>\nExecutar outras atividades relacionadas \u00e0 fun\u00e7\u00e3o<\/p>\n<p>ESCALA 12*36<br \/>\nHOR\u00c1RIO: 11HRS AS 23HRS<\/p>\n<p>Todas as nossas vagas tamb\u00e9m est\u00e3o dispon\u00edveis para Pessoas com Defici\u00eancia (PCD). Valorizamos a diversidade e a inclus\u00e3o em nosso ambiente de trabalho.<\/p>\n<ul>\n<li>N\u00famero de vagas: 120<\/li>\n<li>Local de trabalho: Rio de Janeiro, RJ<\/li>\n<li>Regime de contrata\u00e7\u00e3o de tipo: Tempor\u00e1rio<\/li>\n<li>Jornada: Per\u00edodo Integral<\/li>\n<li>\u00c1rea e especializa\u00e7\u00e3o profissional: Comercial, Vendas &#8211; Atendimento<\/li>\n<li>N\u00edvel hier\u00e1rquico: Operacional<\/li>\n<\/ul>\n<p>VALORIZADO<\/p>\n<p>Tempo de experi\u00eancia: Sem experi\u00eancia<\/p>\n<p>Escolaridade M\u00ednima: Ensino Fundamental (1\u00ba grau)<\/p>\n<ul>\n<li>Alimenta\u00e7\u00e3o no Local<\/li>\n<li>Vale Transporte<\/li>\n<li>Seguro de Vida<\/li>\n<li>Plano Odontol\u00f3gico &#8211; sem desconto<\/li>\n<li>CONV\u00caNIO COM FACULDADES<\/li>\n<\/ul>\n<p>Sal\u00e1rio: 1731,0<\/p>\n","protected":false},"excerpt":{"rendered":"<p>Apoiar na organiza\u00e7\u00e3o e controle do estacionamento Recolher e organizar carrinhos de compras Auxiliar clientes quando necess\u00e1rio Zelar pela organiza\u00e7\u00e3o do local Executar outras atividades relacionadas \u00e0 fun\u00e7\u00e3o ESCALA 12*36 HOR\u00c1RIO: 11HRS AS 23HRS Todas as nossas vagas tamb\u00e9m est\u00e3o dispon\u00edveis para Pessoas com Defici\u00eancia (PCD). Valorizamos a diversidade e a inclus\u00e3o em nosso ambiente [&hellip;]<\/p>\n","protected":false},"author":1,"featured_media":0,"comment_status":"open","ping_status":"open","sticky":false,"template":"","format":"standard","meta":{"footnotes":""},"categories":[21],"tags":[],"class_list":["post-3408","post","type-post","status-publish","format-standard","hentry","category-rio-de-janeiro-rj"],"_links":{"self":[{"href":"https:\/\/vagas.portalemprego.com.br\/index.php?rest_route=\/wp\/v2\/posts\/3408","targetHints":{"allow":["GET"]}}],"collection":[{"href":"https:\/\/vagas.portalemprego.com.br\/index.php?rest_route=\/wp\/v2\/posts"}],"about":[{"href":"https:\/\/vagas.portalemprego.com.br\/index.php?rest_route=\/wp\/v2\/types\/post"}],"author":[{"embeddable":true,"href":"https:\/\/vagas.portalemprego.com.br\/index.php?rest_route=\/wp\/v2\/users\/1"}],"replies":[{"embeddable":true,"href":"https:\/\/vagas.portalemprego.com.br\/index.php?rest_route=%2Fwp%2Fv2%2Fcomments&post=3408"}],"version-history":[{"count":0,"href":"https:\/\/vagas.portalemprego.com.br\/index.php?rest_route=\/wp\/v2\/posts\/3408\/revisions"}],"wp:attachment":[{"href":"https:\/\/vagas.portalemprego.com.br\/index.php?rest_route=%2Fwp%2Fv2%2Fmedia&parent=3408"}],"wp:term":[{"taxonomy":"category","embeddable":true,"href":"https:\/\/vagas.portalemprego.com.br\/index.php?rest_route=%2Fwp%2Fv2%2Fcategories&post=3408"},{"taxonomy":"post_tag","embeddable":true,"href":"https:\/\/vagas.portalemprego.com.br\/index.php?rest_route=%2Fwp%2Fv2%2Ftags&post=3408"}],"curies":[{"name":"wp","href":"https:\/\/api.w.org\/{rel}","templated":true}]}}