{"id":3410,"date":"2026-04-29T06:05:05","date_gmt":"2026-04-29T09:05:05","guid":{"rendered":"https:\/\/vagas.portalemprego.com.br\/?p=3410"},"modified":"2026-04-29T06:05:05","modified_gmt":"2026-04-29T09:05:05","slug":"meio-oficial-de-manutencao-civil-i-barra-rj-construcao-manutencao-rio-de-janeiro","status":"publish","type":"post","link":"https:\/\/vagas.portalemprego.com.br\/?p=3410","title":{"rendered":"MEIO OFICIAL DE MANUTEN\u00c7\u00c3O CIVIL I &#8211; BARRA\/RJ &#8211; Constru\u00e7\u00e3o, Manuten\u00e7\u00e3o &#8211; Rio de Janeiro"},"content":{"rendered":"<p>POSSUI DISPONIBILIDADE PARA ATUAR DE SEGUNDA A SEXTA DAS 08:00 \u00c0S 17:48.<br \/>\nPOSSUI F\u00c1CIL ACESSO AT\u00c9 A BARRA DA TIJUCA\/RJ.<br \/>\nATIVIDADES:<br \/>\nAuxiliam nos servi\u00e7os de manuten\u00e7\u00e3o hidr\u00e1ulica, marcenaria e alvenaria, limpando pe\u00e7as e componentes e equipamentos e auxiliando os profissionais das \u00e1reas. Trabalham seguindo normas de seguran\u00e7a, higiene, qualidade e prote\u00e7\u00e3o ao meio ambiente. Atribui\u00e7\u00f5es: Auxiliar nos servi\u00e7os de manuten\u00e7\u00e3o civil preventiva e corretiva, como pequenos servi\u00e7os de pintura, alvenaria, demoli\u00e7\u00f5es, reparos de parede, janelas, teto de gesso e etc, visando a conserva\u00e7\u00e3o de instala\u00e7\u00f5es prediais e equipamentos do Contrato; Auxiliar na execu\u00e7\u00e3o de pequenos servi\u00e7os de manuten\u00e7\u00e3o em marcenaria; Auxiliar nos pequenos servi\u00e7os de manuten\u00e7\u00e3o hidr\u00e1ulica preventiva e corretiva, limpando, desentupindo e instalando componentes de banheiros e copas a fim de possibilitar a conserva\u00e7\u00e3o e utiliza\u00e7\u00e3o de instala\u00e7\u00f5es; Realizar os servi\u00e7os obedecendo \u00e0s normas de seguran\u00e7a e sa\u00fade do trabalho e meio ambiente.<\/p>\n<ul>\n<li>Local de trabalho: Rio de Janeiro, RJ<\/li>\n<li>Regime de contrata\u00e7\u00e3o de tipo: Efetivo \u2013 CLT<\/li>\n<li>Jornada: Per\u00edodo Integral<\/li>\n<li>\u00c1rea e especializa\u00e7\u00e3o profissional: Constru\u00e7\u00e3o, Manuten\u00e7\u00e3o &#8211; Manuten\u00e7\u00e3o em Geral<\/li>\n<li>N\u00edvel hier\u00e1rquico: Operacional<\/li>\n<\/ul>\n<p>Escolaridade M\u00ednima: Ensino Fundamental (1\u00ba grau)<\/p>\n<ul>\n<li>VALE TRANSPORTE<\/li>\n<li>VALE ALIMENTA\u00c7\u00c3O OU REFEI\u00c7\u00c3O<\/li>\n<li>CONV\u00caNIO M\u00c9DICO<\/li>\n<li>CONV\u00caNIO ODONTOL\u00d3GICO<\/li>\n<li>SEGURO DE VIDA<\/li>\n<li>WELHUB<\/li>\n<li>PLANO DE CARREIRA<\/li>\n<\/ul>\n<p>Sal\u00e1rio: 1835,98<\/p>\n","protected":false},"excerpt":{"rendered":"<p>POSSUI DISPONIBILIDADE PARA ATUAR DE SEGUNDA A SEXTA DAS 08:00 \u00c0S 17:48. POSSUI F\u00c1CIL ACESSO AT\u00c9 A BARRA DA TIJUCA\/RJ. ATIVIDADES: Auxiliam nos servi\u00e7os de manuten\u00e7\u00e3o hidr\u00e1ulica, marcenaria e alvenaria, limpando pe\u00e7as e componentes e equipamentos e auxiliando os profissionais das \u00e1reas. Trabalham seguindo normas de seguran\u00e7a, higiene, qualidade e prote\u00e7\u00e3o ao meio ambiente. Atribui\u00e7\u00f5es: [&hellip;]<\/p>\n","protected":false},"author":1,"featured_media":0,"comment_status":"open","ping_status":"open","sticky":false,"template":"","format":"standard","meta":{"footnotes":""},"categories":[21],"tags":[],"class_list":["post-3410","post","type-post","status-publish","format-standard","hentry","category-rio-de-janeiro-rj"],"_links":{"self":[{"href":"https:\/\/vagas.portalemprego.com.br\/index.php?rest_route=\/wp\/v2\/posts\/3410","targetHints":{"allow":["GET"]}}],"collection":[{"href":"https:\/\/vagas.portalemprego.com.br\/index.php?rest_route=\/wp\/v2\/posts"}],"about":[{"href":"https:\/\/vagas.portalemprego.com.br\/index.php?rest_route=\/wp\/v2\/types\/post"}],"author":[{"embeddable":true,"href":"https:\/\/vagas.portalemprego.com.br\/index.php?rest_route=\/wp\/v2\/users\/1"}],"replies":[{"embeddable":true,"href":"https:\/\/vagas.portalemprego.com.br\/index.php?rest_route=%2Fwp%2Fv2%2Fcomments&post=3410"}],"version-history":[{"count":0,"href":"https:\/\/vagas.portalemprego.com.br\/index.php?rest_route=\/wp\/v2\/posts\/3410\/revisions"}],"wp:attachment":[{"href":"https:\/\/vagas.portalemprego.com.br\/index.php?rest_route=%2Fwp%2Fv2%2Fmedia&parent=3410"}],"wp:term":[{"taxonomy":"category","embeddable":true,"href":"https:\/\/vagas.portalemprego.com.br\/index.php?rest_route=%2Fwp%2Fv2%2Fcategories&post=3410"},{"taxonomy":"post_tag","embeddable":true,"href":"https:\/\/vagas.portalemprego.com.br\/index.php?rest_route=%2Fwp%2Fv2%2Ftags&post=3410"}],"curies":[{"name":"wp","href":"https:\/\/api.w.org\/{rel}","templated":true}]}}