{"id":3411,"date":"2026-04-29T06:05:05","date_gmt":"2026-04-29T09:05:05","guid":{"rendered":"https:\/\/vagas.portalemprego.com.br\/?p=3411"},"modified":"2026-04-29T06:05:05","modified_gmt":"2026-04-29T09:05:05","slug":"gerente-comercial-comercial-vendas-sao-pedro-da-aldeia","status":"publish","type":"post","link":"https:\/\/vagas.portalemprego.com.br\/?p=3411","title":{"rendered":"Gerente Comercial &#8211; Comercial, Vendas &#8211; S\u00e3o Pedro da Aldeia"},"content":{"rendered":"<p>RESUMO<br \/>\nOportunidade para lideran\u00e7a comercial no mercado imobili\u00e1rio em\u00a0S\u00e3o Pedro da Aldeia\/RJ. Buscamos uma pessoa com perfil de gest\u00e3o, foco em resultado e capacidade de liderar corretores em uma opera\u00e7\u00e3o com forte press\u00e3o por metas e indicadores comerciais.<\/p>\n<p>SOBRE O DESAFIO<br \/>\nEsta posi\u00e7\u00e3o \u00e9 para quem sabe que lideran\u00e7a comercial n\u00e3o \u00e9 s\u00f3 acompanhamento: \u00e9 cobran\u00e7a, direcionamento, motiva\u00e7\u00e3o e resultado no detalhe.<br \/>\nNa pr\u00e1tica, a rotina gira em torno da performance de vendas do empreendimento. A pessoa ser\u00e1 respons\u00e1vel por acompanhar indicadores como volume de unidades vendidas, velocidade de vendas, convers\u00e3o de leads em visitas, visitas em propostas e propostas em contratos. Quando os n\u00fameros desaceleram, a resposta precisa ser r\u00e1pida.<br \/>\nAl\u00e9m disso, a vaga exige gest\u00e3o intensa do time de corretores, com reuni\u00f5es frequentes, resolu\u00e7\u00e3o de conflitos, direcionamento comercial, engajamento da equipe e apoio no recrutamento de novos corretores. \u00c9 uma posi\u00e7\u00e3o para algu\u00e9m que combine postura de lideran\u00e7a, influ\u00eancia e forte senso de dono.<\/p>\n<p>O QUE VOC\u00ca VAI FAZER<br \/>\nLiderar, motivar e direcionar o time de corretores para entrega de resultados comerciais.<br \/>\nAcompanhar metas e indicadores de vendas do empreendimento.<br \/>\nMonitorar convers\u00f5es ao longo do funil comercial: leads, visitas, propostas e contratos.<br \/>\nConduzir reuni\u00f5es recorrentes de alinhamento e performance com a equipe.<br \/>\nAtuar na resolu\u00e7\u00e3o de conflitos e no fortalecimento do engajamento do time.<br \/>\nApoiar o recrutamento de corretores.<br \/>\nGarantir ader\u00eancia ao programa interno de gest\u00e3o de pessoas e indicadores da opera\u00e7\u00e3o.<br \/>\nbriefing-265<\/p>\n<p>QUEM ESTAMOS BUSCANDO<br \/>\nBuscamos uma pessoa com perfil de lideran\u00e7a comercial, boa capacidade de influ\u00eancia e forte orienta\u00e7\u00e3o para metas.<br \/>\n\u00c9 importante ter boa comunica\u00e7\u00e3o, habilidade de negocia\u00e7\u00e3o, relacionamento interpessoal, resili\u00eancia e adaptabilidade para atuar em um ambiente din\u00e2mico e pressionado por performance. Tamb\u00e9m \u00e9 desej\u00e1vel experi\u00eancia com gest\u00e3o de pessoas no ramo imobili\u00e1rio e forma\u00e7\u00e3o superior completa em qualquer \u00e1rea.<\/p>\n<p>O QUE OFERECEMOS<br \/>\nSal\u00e1rio fixo de\u00a0R$ 6.000\u00a0+ vari\u00e1vel<br \/>\nPremia\u00e7\u00f5es sazonais<br \/>\nPlano de sa\u00fade sem mensalidade, com coparticipa\u00e7\u00e3o<br \/>\nTicket flex\u00edvel para alimenta\u00e7\u00e3o ou refei\u00e7\u00e3o<br \/>\nWellhub<br \/>\nPLR<br \/>\nContrata\u00e7\u00e3o CLT<\/p>\n<ul>\n<li>Local de trabalho: S\u00e3o Pedro da Aldeia, RJ<\/li>\n<li>Regime de contrata\u00e7\u00e3o de tipo: Efetivo \u2013 CLT<\/li>\n<li>Jornada: Per\u00edodo Integral<\/li>\n<li>\u00c1rea e especializa\u00e7\u00e3o profissional: Comercial, Vendas &#8211; Venda Externa<\/li>\n<li>N\u00edvel hier\u00e1rquico: Gerente<\/li>\n<\/ul>\n<p>HABILIDADES<\/p>\n<ul>\n<li>Vendas<\/li>\n<li>Gest\u00e3o<\/li>\n<li>Supervis\u00e3o<\/li>\n<li>Foco em resultados<\/li>\n<li>Lideran\u00e7a<\/li>\n<\/ul>\n<p>Escolaridade M\u00ednima: Ensino Superior<\/p>\n<p>Sal\u00e1rio: 8000,0<\/p>\n","protected":false},"excerpt":{"rendered":"<p>RESUMO Oportunidade para lideran\u00e7a comercial no mercado imobili\u00e1rio em\u00a0S\u00e3o Pedro da Aldeia\/RJ. Buscamos uma pessoa com perfil de gest\u00e3o, foco em resultado e capacidade de liderar corretores em uma opera\u00e7\u00e3o com forte press\u00e3o por metas e indicadores comerciais. SOBRE O DESAFIO Esta posi\u00e7\u00e3o \u00e9 para quem sabe que lideran\u00e7a comercial n\u00e3o \u00e9 s\u00f3 acompanhamento: \u00e9 [&hellip;]<\/p>\n","protected":false},"author":1,"featured_media":0,"comment_status":"open","ping_status":"open","sticky":false,"template":"","format":"standard","meta":{"footnotes":""},"categories":[21],"tags":[],"class_list":["post-3411","post","type-post","status-publish","format-standard","hentry","category-rio-de-janeiro-rj"],"_links":{"self":[{"href":"https:\/\/vagas.portalemprego.com.br\/index.php?rest_route=\/wp\/v2\/posts\/3411","targetHints":{"allow":["GET"]}}],"collection":[{"href":"https:\/\/vagas.portalemprego.com.br\/index.php?rest_route=\/wp\/v2\/posts"}],"about":[{"href":"https:\/\/vagas.portalemprego.com.br\/index.php?rest_route=\/wp\/v2\/types\/post"}],"author":[{"embeddable":true,"href":"https:\/\/vagas.portalemprego.com.br\/index.php?rest_route=\/wp\/v2\/users\/1"}],"replies":[{"embeddable":true,"href":"https:\/\/vagas.portalemprego.com.br\/index.php?rest_route=%2Fwp%2Fv2%2Fcomments&post=3411"}],"version-history":[{"count":0,"href":"https:\/\/vagas.portalemprego.com.br\/index.php?rest_route=\/wp\/v2\/posts\/3411\/revisions"}],"wp:attachment":[{"href":"https:\/\/vagas.portalemprego.com.br\/index.php?rest_route=%2Fwp%2Fv2%2Fmedia&parent=3411"}],"wp:term":[{"taxonomy":"category","embeddable":true,"href":"https:\/\/vagas.portalemprego.com.br\/index.php?rest_route=%2Fwp%2Fv2%2Fcategories&post=3411"},{"taxonomy":"post_tag","embeddable":true,"href":"https:\/\/vagas.portalemprego.com.br\/index.php?rest_route=%2Fwp%2Fv2%2Ftags&post=3411"}],"curies":[{"name":"wp","href":"https:\/\/api.w.org\/{rel}","templated":true}]}}