{"id":3415,"date":"2026-04-29T06:05:05","date_gmt":"2026-04-29T09:05:05","guid":{"rendered":"https:\/\/vagas.portalemprego.com.br\/?p=3415"},"modified":"2026-04-29T06:05:05","modified_gmt":"2026-04-29T09:05:05","slug":"representante-comercial-comercial-vendas-rio-de-janeiro-2","status":"publish","type":"post","link":"https:\/\/vagas.portalemprego.com.br\/?p=3415","title":{"rendered":"Representante Comercial &#8211; Comercial, Vendas &#8211; Rio de Janeiro"},"content":{"rendered":"<p>Vaga \u2013 Representante Comercial de Energia Solar \u2022 Modelo PJ\/MEI\/PF<\/p>\n<p>Empresa com mais de 3.000 projetos fotovoltaicos instalados, infraestrutura pr\u00f3pria, engenharia especializada e opera\u00e7\u00e3o ativa no Rio de Janeiro e S\u00e3o Paulo, busca novos Representantes Comerciais para ampliar sua atua\u00e7\u00e3o no mercado de energia solar, um setor que cresce de forma acelerada em todo o Brasil.<br \/>\nAqui, acreditamos na for\u00e7a da sustentabilidade e em pessoas com brilho nos olhos!<\/p>\n<p>Fun\u00e7\u00e3o: Representante Comercial<br \/>\nAtua\u00e7\u00e3o: Todo o Estado do Rio de Janeiro<br \/>\nAtividade Principal: Prospec\u00e7\u00e3o e indica\u00e7\u00e3o de clientes nos segmentos Residencial e Corporativo<\/p>\n<p>Remunera\u00e7\u00e3o: Vari\u00e1vel mediante comiss\u00e3o<\/p>\n<p>Requisitos:<br \/>\n&#8211; Boa comunica\u00e7\u00e3o e habilidade comercial.<br \/>\n&#8211; Perfil proativo e orientado a resultados.<br \/>\n&#8211; Desejo de atuar no mercado de energia solar.<\/p>\n<p>O que voc\u00ea far\u00e1:<br \/>\n&#8211; Prospe\u00e7\u00e3o ativa de potenciais clientes.<br \/>\n&#8211; Indica\u00e7\u00e3o dos leads via plataforma exclusiva.<br \/>\n&#8211; Participa\u00e7\u00e3o em treinamentos presenciais\/online.<br \/>\n&#8211; Atua\u00e7\u00e3o direta na expans\u00e3o da energia solar no RJ.<\/p>\n<p>O que a empresa oferece:<br \/>\n&#8211; Consultores internos especializados para realizarem a venda do seu lead.<br \/>\n&#8211; Acompanhamento em tempo real da evolu\u00e7\u00e3o dos seus leads pelo dashboard do representante.<br \/>\n&#8211; Treinamentos completos (presenciais\/online).<br \/>\n&#8211; Excel\u00eancia na entrega (engenharia pr\u00f3pria, p\u00f3s-venda ativo, mais de 3.000 projetos j\u00e1 executados).<br \/>\n&#8211; Tecnologia de ponta e s\u00f3lido hist\u00f3rico no setor.<\/p>\n<p>Modelo de Remunera\u00e7\u00e3o: 5% de comiss\u00e3o sobre o valor total do projeto para sistemas at\u00e9 20 kWp.<br \/>\nPara projetos acima de 20 kWp, a comiss\u00e3o pode ser ajustada em comum acordo visando competitividade.<\/p>\n<p>Exemplos:<br \/>\nConta de luz de R$ 500\/m\u00eas ? projeto de ~4 kWp ? comiss\u00e3o aproximada de R$ 800.<\/p>\n<p>*Importante salientar que \u00e9 uma vaga 100% comissionada e n\u00e3o \u00e9 um trabalho fixo. Voc\u00ea pode trabalhar de onde quiser.*<\/p>\n<ul>\n<li>Local de trabalho: Rio de Janeiro, RJ<\/li>\n<li>Regime de contrata\u00e7\u00e3o de tipo: Prestador de Servi\u00e7os (PJ)<\/li>\n<li>Jornada: Per\u00edodo Integral<\/li>\n<li>\u00c1rea e especializa\u00e7\u00e3o profissional: Comercial, Vendas &#8211; Representa\u00e7\u00e3o Comercial<\/li>\n<li>N\u00edvel hier\u00e1rquico: Especialista<\/li>\n<\/ul>\n<p>Escolaridade M\u00ednima: Ensino M\u00e9dio (2\u00ba Grau)<\/p>\n<p>Sal\u00e1rio: 100,0<\/p>\n","protected":false},"excerpt":{"rendered":"<p>Vaga \u2013 Representante Comercial de Energia Solar \u2022 Modelo PJ\/MEI\/PF Empresa com mais de 3.000 projetos fotovoltaicos instalados, infraestrutura pr\u00f3pria, engenharia especializada e opera\u00e7\u00e3o ativa no Rio de Janeiro e S\u00e3o Paulo, busca novos Representantes Comerciais para ampliar sua atua\u00e7\u00e3o no mercado de energia solar, um setor que cresce de forma acelerada em todo o [&hellip;]<\/p>\n","protected":false},"author":1,"featured_media":0,"comment_status":"open","ping_status":"open","sticky":false,"template":"","format":"standard","meta":{"footnotes":""},"categories":[21],"tags":[],"class_list":["post-3415","post","type-post","status-publish","format-standard","hentry","category-rio-de-janeiro-rj"],"_links":{"self":[{"href":"https:\/\/vagas.portalemprego.com.br\/index.php?rest_route=\/wp\/v2\/posts\/3415","targetHints":{"allow":["GET"]}}],"collection":[{"href":"https:\/\/vagas.portalemprego.com.br\/index.php?rest_route=\/wp\/v2\/posts"}],"about":[{"href":"https:\/\/vagas.portalemprego.com.br\/index.php?rest_route=\/wp\/v2\/types\/post"}],"author":[{"embeddable":true,"href":"https:\/\/vagas.portalemprego.com.br\/index.php?rest_route=\/wp\/v2\/users\/1"}],"replies":[{"embeddable":true,"href":"https:\/\/vagas.portalemprego.com.br\/index.php?rest_route=%2Fwp%2Fv2%2Fcomments&post=3415"}],"version-history":[{"count":0,"href":"https:\/\/vagas.portalemprego.com.br\/index.php?rest_route=\/wp\/v2\/posts\/3415\/revisions"}],"wp:attachment":[{"href":"https:\/\/vagas.portalemprego.com.br\/index.php?rest_route=%2Fwp%2Fv2%2Fmedia&parent=3415"}],"wp:term":[{"taxonomy":"category","embeddable":true,"href":"https:\/\/vagas.portalemprego.com.br\/index.php?rest_route=%2Fwp%2Fv2%2Fcategories&post=3415"},{"taxonomy":"post_tag","embeddable":true,"href":"https:\/\/vagas.portalemprego.com.br\/index.php?rest_route=%2Fwp%2Fv2%2Ftags&post=3415"}],"curies":[{"name":"wp","href":"https:\/\/api.w.org\/{rel}","templated":true}]}}