{"id":3418,"date":"2026-04-29T06:05:05","date_gmt":"2026-04-29T09:05:05","guid":{"rendered":"https:\/\/vagas.portalemprego.com.br\/?p=3418"},"modified":"2026-04-29T06:05:05","modified_gmt":"2026-04-29T09:05:05","slug":"analista-de-planejamento-comercial-jr-administracao-rio-de-janeiro","status":"publish","type":"post","link":"https:\/\/vagas.portalemprego.com.br\/?p=3418","title":{"rendered":"Analista de Planejamento Comercial Jr &#8211; Administra\u00e7\u00e3o &#8211; Rio de Janeiro"},"content":{"rendered":"<p>VEM SER NATURAL DA TERRA!<\/p>\n<p>Somos o vizinho especialista em produtos frescos e naturais, com qualidade impec\u00e1vel e uma experi\u00eancia que faz o cliente se sentir em casa.<br \/>\nNossa alma \u00e9 de feirante: gostamos de conversar, sorrir e oferecer aquele conforto emocional das feiras livres da inf\u00e2ncia, com um atendimento pr\u00f3ximo, humano e cheio de alegria.<\/p>\n<p>Todos os dias acordamos com um \u00fanico objetivo: promover uma vida mais natural \u2013 em todos os sentidos.<br \/>\nSe voc\u00ea tamb\u00e9m acredita nesse prop\u00f3sito, vem com a gente!<\/p>\n<p>Estamos \u00e0 procura de um Analista de Planejamento Comercial Jr. para juntar-se \u00e0 nossa equipe.<\/p>\n<p>Suas principais responsabilidades ser\u00e3o:<br \/>\n\u2022\u00a0Apoio\u00a0na\u00a0gera\u00e7\u00e3o\u00a0de\u00a0indicadores\u00a0comerciais<br \/>\n\u2022\u00a0Apoio\u00a0na\u00a0an\u00e1lise\u00a0de\u00a0indicadores\u00a0de\u00a0desempenho\u00a0(Vendas,\u00a0Margem,\u00a0OTB)<br \/>\n\u2022\u00a0Apoio\u00a0na\u00a0atualiza\u00e7\u00e3o\u00a0de\u00a0OTB\u00a0por\u00a0categoria<br \/>\n\u2022\u00a0Apoio\u00a0na\u00a0atualiza\u00e7\u00e3o\u00a0relat\u00f3rios\u00a0comerciais\u00a0(Ruptura,\u00a0Capital\u00a0Empregado,\u00a0N\u00edvel\u00a0de\u00a0Servi\u00e7o\u00a0etc.)<br \/>\n\u2022\u00a0An\u00e1lise\u00a0de\u00a0venda,\u00a0margem,\u00a0lucro,\u00a0apostas\u00a0e\u00a0promo\u00e7\u00f5es\u00a0e\u00a0os\u00a0principais\u00a0indicadores\u00a0da\u00a0\u00e1rea\u00a0comercial<\/p>\n<p>O perfil que buscamos em voc\u00ea<br \/>\n\u00b7\u00a0Dinamismo<br \/>\n\u00b7\u00a0Proatividade<br \/>\n\u00b7\u00a0Comprometimento\u00a0com\u00a0o\u00a0resultado<br \/>\n\u00b7\u00a0Boa\u00a0comunica\u00e7\u00e3o<br \/>\n\u00b7\u00a0Sentimento\u00a0de\u00a0dono<br \/>\n.\u00a0Aten\u00e7\u00e3o\u00a0aos\u00a0detalhes<\/p>\n<p>Escala de trabalho: 5&#215;2 | Segunda \u00e0 sexta-feira<br \/>\nHor\u00e1rio de trabalho: 08:00 \u00e0s 17h45<br \/>\nLocal de Trabalho: Rio de Janeiro<\/p>\n<p>Requisitos:<br \/>\n\u2022 Forma\u00e7\u00e3o: Ensino superior em curso ou conclu\u00eddo<br \/>\n\u2022 Necess\u00e1rio conhecimento em Excel<br \/>\n\u2022 Conhecimento de SAP (Desej\u00e1vel)<\/p>\n<p>Etapas do processo:<br \/>\n\u00b7 Divulga\u00e7\u00e3o<br \/>\n\u00b7 Triagem curricular<br \/>\n\u00b7 Entrevista com RH<br \/>\n\u00b7 Entrevista com a gest\u00e3o<\/p>\n<p>Venha fazer parte do nosso time!! N\u00e3o deixe de se candidatar em nosso processo seletivo.<\/p>\n<p>Agradecemos o seu interesse e nos veremos no processo seletivo!! At\u00e9 l\u00e1!<\/p>\n<p>Time de Gente &#8211; HNT<\/p>\n<ul>\n<li>Local de trabalho: Rio de Janeiro, RJ<\/li>\n<li>Regime de contrata\u00e7\u00e3o de tipo: Efetivo \u2013 CLT<\/li>\n<li>Jornada: Per\u00edodo Integral<\/li>\n<li>\u00c1rea e especializa\u00e7\u00e3o profissional: Administra\u00e7\u00e3o &#8211; Administra\u00e7\u00e3o Geral<\/li>\n<li>N\u00edvel hier\u00e1rquico: Analista<\/li>\n<\/ul>\n<p>Escolaridade M\u00ednima: Ensino M\u00e9dio (2\u00ba Grau)<\/p>\n","protected":false},"excerpt":{"rendered":"<p>VEM SER NATURAL DA TERRA! Somos o vizinho especialista em produtos frescos e naturais, com qualidade impec\u00e1vel e uma experi\u00eancia que faz o cliente se sentir em casa. Nossa alma \u00e9 de feirante: gostamos de conversar, sorrir e oferecer aquele conforto emocional das feiras livres da inf\u00e2ncia, com um atendimento pr\u00f3ximo, humano e cheio de [&hellip;]<\/p>\n","protected":false},"author":1,"featured_media":0,"comment_status":"open","ping_status":"open","sticky":false,"template":"","format":"standard","meta":{"footnotes":""},"categories":[21],"tags":[],"class_list":["post-3418","post","type-post","status-publish","format-standard","hentry","category-rio-de-janeiro-rj"],"_links":{"self":[{"href":"https:\/\/vagas.portalemprego.com.br\/index.php?rest_route=\/wp\/v2\/posts\/3418","targetHints":{"allow":["GET"]}}],"collection":[{"href":"https:\/\/vagas.portalemprego.com.br\/index.php?rest_route=\/wp\/v2\/posts"}],"about":[{"href":"https:\/\/vagas.portalemprego.com.br\/index.php?rest_route=\/wp\/v2\/types\/post"}],"author":[{"embeddable":true,"href":"https:\/\/vagas.portalemprego.com.br\/index.php?rest_route=\/wp\/v2\/users\/1"}],"replies":[{"embeddable":true,"href":"https:\/\/vagas.portalemprego.com.br\/index.php?rest_route=%2Fwp%2Fv2%2Fcomments&post=3418"}],"version-history":[{"count":0,"href":"https:\/\/vagas.portalemprego.com.br\/index.php?rest_route=\/wp\/v2\/posts\/3418\/revisions"}],"wp:attachment":[{"href":"https:\/\/vagas.portalemprego.com.br\/index.php?rest_route=%2Fwp%2Fv2%2Fmedia&parent=3418"}],"wp:term":[{"taxonomy":"category","embeddable":true,"href":"https:\/\/vagas.portalemprego.com.br\/index.php?rest_route=%2Fwp%2Fv2%2Fcategories&post=3418"},{"taxonomy":"post_tag","embeddable":true,"href":"https:\/\/vagas.portalemprego.com.br\/index.php?rest_route=%2Fwp%2Fv2%2Ftags&post=3418"}],"curies":[{"name":"wp","href":"https:\/\/api.w.org\/{rel}","templated":true}]}}