{"id":3420,"date":"2026-04-29T06:05:05","date_gmt":"2026-04-29T09:05:05","guid":{"rendered":"https:\/\/vagas.portalemprego.com.br\/?p=3420"},"modified":"2026-04-29T06:05:05","modified_gmt":"2026-04-29T09:05:05","slug":"auxiliar-de-servicos-gerais-barra-e-recreio-servicos-gerais-rio-de-janeiro-2","status":"publish","type":"post","link":"https:\/\/vagas.portalemprego.com.br\/?p=3420","title":{"rendered":"Auxiliar de Servi\u00e7os Gerais &#8211; Barra e Recreio &#8211; Servi\u00e7os Gerais &#8211; Rio de Janeiro"},"content":{"rendered":"<p>No Supermercado Zona Sul, acreditamos que o nosso sucesso est\u00e1 diretamente ligado ao empenho e dedica\u00e7\u00e3o de cada membro da nossa equipe. Trabalhar conosco n\u00e3o \u00e9 apenas ocupar uma vaga, mas sim, integrar uma fam\u00edlia que valoriza o respeito, a coopera\u00e7\u00e3o e o crescimento profissional.<br \/>\nSe voc\u00ea \u00e9 uma pessoa proativa, dedicada e quer fazer parte de uma empresa que reconhece e valoriza o esfor\u00e7o, ent\u00e3o essa \u00e9 a sua chance! Junte-se a n\u00f3s e ajude a construir um ambiente de trabalho onde cada conquista \u00e9 celebrada e cada desafio \u00e9 uma oportunidade para aprender e crescer.<\/p>\n<p>Responsabilidades:<br \/>\nLimpeza e conserva\u00e7\u00e3o de pisos, paredes e superf\u00edcies.<br \/>\nHigieniza\u00e7\u00e3o de banheiros, vesti\u00e1rios e \u00e1reas comuns.<br \/>\nLimpeza de vidros, espelhos e fachadas.<br \/>\nColeta e descarte adequado de lixo.<br \/>\nSeguir normas de seguran\u00e7a e higiene.<br \/>\nApoio em outras tarefas operacionais.<\/p>\n<p>Requisitos:<br \/>\nExperi\u00eancia pr\u00e9via na fun\u00e7\u00e3o ou similar ser\u00e1 um diferencial.<br \/>\nDisponibilidade para trabalhar por escala e finais de semana.<br \/>\nSer proativo, organizado e ter facilidade para trabalhar em equipe.<\/p>\n<p>Benef\u00edcios:<br \/>\nSal\u00e1rio compat\u00edvel com o mercado<br \/>\nVale Transporte<br \/>\nRefei\u00e7\u00e3o no local<br \/>\nPlano de Sa\u00fade<br \/>\nPlano Odontol\u00f3gico<br \/>\nSeguro de Vida<br \/>\nParticipa\u00e7\u00e3o nos Resultados<br \/>\nDesconto em produtos da empresa<\/p>\n<p>Venha fazer parte da nossa hist\u00f3ria!<br \/>\n\u201cTodas as nossas vagas s\u00e3o eleg\u00edveis para pessoas com defici\u00eancia ou reabilitadas pela Previd\u00eancia Social.\u201d<\/p>\n<ul>\n<li>N\u00famero de vagas: 5<\/li>\n<li>Local de trabalho: Rio de Janeiro, RJ<\/li>\n<li>Regime de contrata\u00e7\u00e3o de tipo: Efetivo \u2013 CLT<\/li>\n<li>Jornada: Per\u00edodo Integral<\/li>\n<li>\u00c1rea e especializa\u00e7\u00e3o profissional: Servi\u00e7os Gerais &#8211; Limpeza<\/li>\n<li>N\u00edvel hier\u00e1rquico: Auxiliar<\/li>\n<\/ul>\n<p>VALORIZADO<\/p>\n<p>Tempo de experi\u00eancia: Entre 1 e 3 anos<\/p>\n<p>Escolaridade M\u00ednima: Ensino Fundamental (1\u00ba grau)<\/p>\n<ul>\n<li>Participa\u00e7\u00e3o nos lucros<\/li>\n<li>Desconto em produtos<\/li>\n<li>Vale transporte<\/li>\n<li>Alimenta\u00e7\u00e3o no Local<\/li>\n<li>Seguro de vida<\/li>\n<li>B\u00f4nus por domingo e feriado trabalhado<\/li>\n<li>B\u00f4nus mensal<\/li>\n<li>Plano de Sa\u00fade<\/li>\n<li>Plano Odontol\u00f3gico<\/li>\n<\/ul>\n","protected":false},"excerpt":{"rendered":"<p>No Supermercado Zona Sul, acreditamos que o nosso sucesso est\u00e1 diretamente ligado ao empenho e dedica\u00e7\u00e3o de cada membro da nossa equipe. Trabalhar conosco n\u00e3o \u00e9 apenas ocupar uma vaga, mas sim, integrar uma fam\u00edlia que valoriza o respeito, a coopera\u00e7\u00e3o e o crescimento profissional. Se voc\u00ea \u00e9 uma pessoa proativa, dedicada e quer fazer [&hellip;]<\/p>\n","protected":false},"author":1,"featured_media":0,"comment_status":"open","ping_status":"open","sticky":false,"template":"","format":"standard","meta":{"footnotes":""},"categories":[21],"tags":[],"class_list":["post-3420","post","type-post","status-publish","format-standard","hentry","category-rio-de-janeiro-rj"],"_links":{"self":[{"href":"https:\/\/vagas.portalemprego.com.br\/index.php?rest_route=\/wp\/v2\/posts\/3420","targetHints":{"allow":["GET"]}}],"collection":[{"href":"https:\/\/vagas.portalemprego.com.br\/index.php?rest_route=\/wp\/v2\/posts"}],"about":[{"href":"https:\/\/vagas.portalemprego.com.br\/index.php?rest_route=\/wp\/v2\/types\/post"}],"author":[{"embeddable":true,"href":"https:\/\/vagas.portalemprego.com.br\/index.php?rest_route=\/wp\/v2\/users\/1"}],"replies":[{"embeddable":true,"href":"https:\/\/vagas.portalemprego.com.br\/index.php?rest_route=%2Fwp%2Fv2%2Fcomments&post=3420"}],"version-history":[{"count":0,"href":"https:\/\/vagas.portalemprego.com.br\/index.php?rest_route=\/wp\/v2\/posts\/3420\/revisions"}],"wp:attachment":[{"href":"https:\/\/vagas.portalemprego.com.br\/index.php?rest_route=%2Fwp%2Fv2%2Fmedia&parent=3420"}],"wp:term":[{"taxonomy":"category","embeddable":true,"href":"https:\/\/vagas.portalemprego.com.br\/index.php?rest_route=%2Fwp%2Fv2%2Fcategories&post=3420"},{"taxonomy":"post_tag","embeddable":true,"href":"https:\/\/vagas.portalemprego.com.br\/index.php?rest_route=%2Fwp%2Fv2%2Ftags&post=3420"}],"curies":[{"name":"wp","href":"https:\/\/api.w.org\/{rel}","templated":true}]}}