{"id":3421,"date":"2026-04-29T06:05:05","date_gmt":"2026-04-29T09:05:05","guid":{"rendered":"https:\/\/vagas.portalemprego.com.br\/?p=3421"},"modified":"2026-04-29T06:05:05","modified_gmt":"2026-04-29T09:05:05","slug":"auxiliar-de-servicos-gerais-servicos-gerais-rio-de-janeiro-46","status":"publish","type":"post","link":"https:\/\/vagas.portalemprego.com.br\/?p=3421","title":{"rendered":"Auxiliar de Servi\u00e7os Gerais &#8211; Servi\u00e7os Gerais &#8211; Rio de Janeiro"},"content":{"rendered":"<p>Estamos com oportunidades abertas para Auxiliar de Servi\u00e7os Gerais em restaurantes localizados na Zona Sul do Rio de Janeiro. Buscamos profissionais organizados, respons\u00e1veis e com disposi\u00e7\u00e3o para atuar na limpeza, conserva\u00e7\u00e3o e apoio na organiza\u00e7\u00e3o dos ambientes do restaurante, contribuindo para o bom funcionamento da opera\u00e7\u00e3o no dia a dia.<br \/>\nAtividades principais:<br \/>\nLimpeza e organiza\u00e7\u00e3o das \u00e1reas internas do restaurante;<br \/>\nHigieniza\u00e7\u00e3o de utens\u00edlios, equipamentos e superf\u00edcies;<br \/>\nApoio na organiza\u00e7\u00e3o de estoque e \u00e1reas de servi\u00e7o;<br \/>\nManuten\u00e7\u00e3o da limpeza de banheiros e \u00e1reas comuns;<br \/>\nSeguir os padr\u00f5es de higiene e seguran\u00e7a do estabelecimento.<br \/>\nRequisitos:<br \/>\nDisponibilidade total de hor\u00e1rio;<br \/>\nExperi\u00eancia na atividade.<br \/>\nR$1.685,95 + r$300 VA + cesta b\u00e1sica (caso n\u00e3o tenha falta, atestado e atraso)<br \/>\nHor\u00e1rios:<br \/>\nManh\u00e3: 08:00h \u00e0s 16:20h<br \/>\nIntermedi\u00e1rio: 11:00h \u00e0s 20:20h<br \/>\nSe voc\u00ea busca uma oportunidade para trabalhar em um ambiente din\u00e2mico, com equipe colaborativa e possibilidade de crescimento, essa vaga pode ser para voc\u00ea.<br \/>\nInteressados podem entrar em contato para mais informa\u00e7\u00f5es e enviar seu curr\u00edculo.<br \/>\nVenha fazer parte da nossa equipe. \ud83d\ude42<\/p>\n<ul>\n<li>Local de trabalho: Rio de Janeiro, RJ<\/li>\n<li>Regime de contrata\u00e7\u00e3o de tipo: Efetivo \u2013 CLT<\/li>\n<li>Jornada: Per\u00edodo Integral<\/li>\n<li>\u00c1rea e especializa\u00e7\u00e3o profissional: Servi\u00e7os Gerais &#8211; Limpeza<\/li>\n<li>N\u00edvel hier\u00e1rquico: Auxiliar<\/li>\n<\/ul>\n<p>Escolaridade M\u00ednima: Ensino Fundamental (1\u00ba grau)<\/p>\n<p>Sal\u00e1rio: 1685,95<\/p>\n","protected":false},"excerpt":{"rendered":"<p>Estamos com oportunidades abertas para Auxiliar de Servi\u00e7os Gerais em restaurantes localizados na Zona Sul do Rio de Janeiro. Buscamos profissionais organizados, respons\u00e1veis e com disposi\u00e7\u00e3o para atuar na limpeza, conserva\u00e7\u00e3o e apoio na organiza\u00e7\u00e3o dos ambientes do restaurante, contribuindo para o bom funcionamento da opera\u00e7\u00e3o no dia a dia. Atividades principais: Limpeza e organiza\u00e7\u00e3o [&hellip;]<\/p>\n","protected":false},"author":1,"featured_media":0,"comment_status":"open","ping_status":"open","sticky":false,"template":"","format":"standard","meta":{"footnotes":""},"categories":[21],"tags":[],"class_list":["post-3421","post","type-post","status-publish","format-standard","hentry","category-rio-de-janeiro-rj"],"_links":{"self":[{"href":"https:\/\/vagas.portalemprego.com.br\/index.php?rest_route=\/wp\/v2\/posts\/3421","targetHints":{"allow":["GET"]}}],"collection":[{"href":"https:\/\/vagas.portalemprego.com.br\/index.php?rest_route=\/wp\/v2\/posts"}],"about":[{"href":"https:\/\/vagas.portalemprego.com.br\/index.php?rest_route=\/wp\/v2\/types\/post"}],"author":[{"embeddable":true,"href":"https:\/\/vagas.portalemprego.com.br\/index.php?rest_route=\/wp\/v2\/users\/1"}],"replies":[{"embeddable":true,"href":"https:\/\/vagas.portalemprego.com.br\/index.php?rest_route=%2Fwp%2Fv2%2Fcomments&post=3421"}],"version-history":[{"count":0,"href":"https:\/\/vagas.portalemprego.com.br\/index.php?rest_route=\/wp\/v2\/posts\/3421\/revisions"}],"wp:attachment":[{"href":"https:\/\/vagas.portalemprego.com.br\/index.php?rest_route=%2Fwp%2Fv2%2Fmedia&parent=3421"}],"wp:term":[{"taxonomy":"category","embeddable":true,"href":"https:\/\/vagas.portalemprego.com.br\/index.php?rest_route=%2Fwp%2Fv2%2Fcategories&post=3421"},{"taxonomy":"post_tag","embeddable":true,"href":"https:\/\/vagas.portalemprego.com.br\/index.php?rest_route=%2Fwp%2Fv2%2Ftags&post=3421"}],"curies":[{"name":"wp","href":"https:\/\/api.w.org\/{rel}","templated":true}]}}