{"id":3428,"date":"2026-04-29T06:04:04","date_gmt":"2026-04-29T09:04:04","guid":{"rendered":"https:\/\/vagas.portalemprego.com.br\/?p=3428"},"modified":"2026-04-29T06:04:04","modified_gmt":"2026-04-29T09:04:04","slug":"asb-experiencia-em-instrumentacao-cirurgica-barra-da-tijuca-rj-saude-rio-de-janeiro","status":"publish","type":"post","link":"https:\/\/vagas.portalemprego.com.br\/?p=3428","title":{"rendered":"ASB &#8211; Experi\u00eancia em Instrumenta\u00e7\u00e3o Cir\u00fargica &#8211; Barra da Tijuca &#8211; RJ &#8211; Sa\u00fade &#8211; Rio de Janeiro"},"content":{"rendered":"<p>Atividades:<br \/>\n&#8211; Esteriliza\u00e7\u00e3o e Montagem de Instrumentais;<br \/>\n&#8211; Aux\u00edlio em Procedimentos;<br \/>\n&#8211; Recep\u00e7\u00e3o de Pacientes;<br \/>\n&#8211; Organiza\u00e7\u00e3o de Estoque;<br \/>\n&#8211; Cuidados P\u00f3s-Operat\u00f3rios<br \/>\n&#8211; Fotos e Registros<\/p>\n<p>Requisitos:<br \/>\n&#8211; Curso completo de ASB;<br \/>\n&#8211; Registro no CRO;<br \/>\n&#8211; Experi\u00eancia na fun\u00e7\u00e3o;<br \/>\n&#8211; Curso de Instrumenta\u00e7\u00e3o Cir\u00fargica;<br \/>\n&#8211; Experi\u00eancia em Harmoniza\u00e7\u00e3o Facial.<\/p>\n<p>Contrata\u00e7\u00e3o CLT: R$ 1.800,00 + Insalubridade + VT + R$ 300,00 de alimenta\u00e7\u00e3o<br \/>\nTrabalhar\u00e1 de TER\u00c7A a S\u00c1BADO de 8h \u00e0s 17h + banco de horas.<\/p>\n<ul>\n<li>Local de trabalho: Rio de Janeiro, RJ<\/li>\n<li>Regime de contrata\u00e7\u00e3o de tipo: Efetivo \u2013 CLT<\/li>\n<li>Jornada: Per\u00edodo Integral<\/li>\n<li>\u00c1rea e especializa\u00e7\u00e3o profissional: Sa\u00fade &#8211; Instrumenta\u00e7\u00e3o Cirurgica<\/li>\n<li>N\u00edvel hier\u00e1rquico: Auxiliar<\/li>\n<\/ul>\n<p>VALORIZADO<\/p>\n<p>Tempo de experi\u00eancia: Entre 1 e 3 anos<\/p>\n<p>HABILIDADES<\/p>\n<ul>\n<li>Recep\u00e7\u00e3o<\/li>\n<li>Montagem<\/li>\n<li>Procedimentos<\/li>\n<\/ul>\n<p>Escolaridade M\u00ednima: Curso extra-curricular \/ Profissionalizante<\/p>\n<ul>\n<li>Vale-transporte<\/li>\n<li>Vale-alimenta\u00e7\u00e3o<\/li>\n<\/ul>\n<p>Sal\u00e1rio: 2500,0<\/p>\n","protected":false},"excerpt":{"rendered":"<p>Atividades: &#8211; Esteriliza\u00e7\u00e3o e Montagem de Instrumentais; &#8211; Aux\u00edlio em Procedimentos; &#8211; Recep\u00e7\u00e3o de Pacientes; &#8211; Organiza\u00e7\u00e3o de Estoque; &#8211; Cuidados P\u00f3s-Operat\u00f3rios &#8211; Fotos e Registros Requisitos: &#8211; Curso completo de ASB; &#8211; Registro no CRO; &#8211; Experi\u00eancia na fun\u00e7\u00e3o; &#8211; Curso de Instrumenta\u00e7\u00e3o Cir\u00fargica; &#8211; Experi\u00eancia em Harmoniza\u00e7\u00e3o Facial. Contrata\u00e7\u00e3o CLT: R$ 1.800,00 + [&hellip;]<\/p>\n","protected":false},"author":1,"featured_media":0,"comment_status":"open","ping_status":"open","sticky":false,"template":"","format":"standard","meta":{"footnotes":""},"categories":[21],"tags":[],"class_list":["post-3428","post","type-post","status-publish","format-standard","hentry","category-rio-de-janeiro-rj"],"_links":{"self":[{"href":"https:\/\/vagas.portalemprego.com.br\/index.php?rest_route=\/wp\/v2\/posts\/3428","targetHints":{"allow":["GET"]}}],"collection":[{"href":"https:\/\/vagas.portalemprego.com.br\/index.php?rest_route=\/wp\/v2\/posts"}],"about":[{"href":"https:\/\/vagas.portalemprego.com.br\/index.php?rest_route=\/wp\/v2\/types\/post"}],"author":[{"embeddable":true,"href":"https:\/\/vagas.portalemprego.com.br\/index.php?rest_route=\/wp\/v2\/users\/1"}],"replies":[{"embeddable":true,"href":"https:\/\/vagas.portalemprego.com.br\/index.php?rest_route=%2Fwp%2Fv2%2Fcomments&post=3428"}],"version-history":[{"count":0,"href":"https:\/\/vagas.portalemprego.com.br\/index.php?rest_route=\/wp\/v2\/posts\/3428\/revisions"}],"wp:attachment":[{"href":"https:\/\/vagas.portalemprego.com.br\/index.php?rest_route=%2Fwp%2Fv2%2Fmedia&parent=3428"}],"wp:term":[{"taxonomy":"category","embeddable":true,"href":"https:\/\/vagas.portalemprego.com.br\/index.php?rest_route=%2Fwp%2Fv2%2Fcategories&post=3428"},{"taxonomy":"post_tag","embeddable":true,"href":"https:\/\/vagas.portalemprego.com.br\/index.php?rest_route=%2Fwp%2Fv2%2Ftags&post=3428"}],"curies":[{"name":"wp","href":"https:\/\/api.w.org\/{rel}","templated":true}]}}