{"id":3430,"date":"2026-04-29T06:04:04","date_gmt":"2026-04-29T09:04:04","guid":{"rendered":"https:\/\/vagas.portalemprego.com.br\/?p=3430"},"modified":"2026-04-29T06:04:04","modified_gmt":"2026-04-29T09:04:04","slug":"operador-de-producao-temporario-industrial-producao-fabrica-porto-real","status":"publish","type":"post","link":"https:\/\/vagas.portalemprego.com.br\/?p=3430","title":{"rendered":"Operador de Produ\u00e7\u00e3o (Tempor\u00e1rio) &#8211; Industrial, Produ\u00e7\u00e3o, F\u00e1brica &#8211; Porto Real"},"content":{"rendered":"<p>O Grupo Seres seleciona profissional para atuar como Operador de Produ\u00e7\u00e3o \u2013 Visorista, em parceria com multinacional do segmento de bebidas, com opera\u00e7\u00e3o industrial localizada em Resende (RJ).<br \/>\nA posi\u00e7\u00e3o atuar\u00e1 diretamente na linha de engarrafamento, realizando inspe\u00e7\u00e3o visual das garrafas e garantindo que os produtos estejam dentro dos padr\u00f5es de qualidade estabelecidos pela empresa.<br \/>\nA contrata\u00e7\u00e3o ser\u00e1 tempor\u00e1ria por 30 dias, para atendimento de demanda operacional na \u00e1rea de produ\u00e7\u00e3o.<br \/>\nJornada de trabalho<br \/>\nSegunda a quinta-feira: 07h00 \u00e0s 17h00<br \/>\n Sexta-feira: 07h00 \u00e0s 16h00<br \/>\n1 hora de intervalo para refei\u00e7\u00e3o.<br \/>\nAtividades<br \/>\nRealizar inspe\u00e7\u00e3o visual das garrafas na linha de produ\u00e7\u00e3o<br \/>\nVerificar poss\u00edveis defeitos nas embalagens<br \/>\nConferir volumetria e posicionamento de r\u00f3tulos<br \/>\nIdentificar inconsist\u00eancias ou irregularidades no produto<br \/>\nDescartar embalagens fora do padr\u00e3o de qualidade<br \/>\nComunicar \u00e0 lideran\u00e7a qualquer anomalia identificada<br \/>\nApoiar a organiza\u00e7\u00e3o da \u00e1rea de trabalho conforme padr\u00f5es de 5S<br \/>\nPreencher checklists e relat\u00f3rios operacionais da linha<br \/>\nA atividade exige alto n\u00edvel de aten\u00e7\u00e3o aos detalhes, devido ao ritmo da linha de engarrafamento.<br \/>\nRequisitos<br \/>\nEscolaridade<br \/>\nEnsino m\u00e9dio completo<br \/>\nExperi\u00eancia<br \/>\nDesej\u00e1vel experi\u00eancia anterior em:<br \/>\nProdu\u00e7\u00e3o industrial<br \/>\nLinha de montagem<br \/>\nInspe\u00e7\u00e3o de qualidade<br \/>\nPerfil comportamental<br \/>\nAten\u00e7\u00e3o aos detalhes<br \/>\nOrganiza\u00e7\u00e3o<br \/>\nDisciplina operacional<br \/>\nResponsabilidade<br \/>\nComprometimento com seguran\u00e7a<br \/>\nTrabalho em equipe<br \/>\nRemunera\u00e7\u00e3o e benef\u00edcios<br \/>\nSal\u00e1rio: R$ 1.749,00<br \/>\nBenef\u00edcios:<br \/>\nVale alimenta\u00e7\u00e3o R$ 610,00<br \/>\nRefeit\u00f3rio no local<br \/>\nSeguro de vida<br \/>\nVale transporte<br \/>\nLocal de trabalho<br \/>\nRodovia Presidente Dutra \u2013 6\u00ba Distrito<br \/>\n Resende \u2013 RJ<br \/>\nRegi\u00e3o do Distrito Industrial de Resende, pr\u00f3xima ao polo industrial da Nissan e com acesso pela Rodovia Presidente Dutra (BR-116).<\/p>\n<ul>\n<li>Local de trabalho: Porto Real, RJ<\/li>\n<li>Regime de contrata\u00e7\u00e3o de tipo: Tempor\u00e1rio<\/li>\n<li>Jornada: Per\u00edodo Integral<\/li>\n<li>\u00c1rea e especializa\u00e7\u00e3o profissional: Industrial, Produ\u00e7\u00e3o, F\u00e1brica &#8211; Produ\u00e7\u00e3o<\/li>\n<li>N\u00edvel hier\u00e1rquico: Operacional<\/li>\n<\/ul>\n<p>Escolaridade M\u00ednima: Ensino M\u00e9dio (2\u00ba Grau)<\/p>\n<ul>\n<li>Seguro de Vida<\/li>\n<li>Refei\u00e7\u00e3o no local<\/li>\n<li>Vale-alimenta\u00e7\u00e3o<\/li>\n<li>Ve\u00edculo de empresa<\/li>\n<li>Vale-transporte<\/li>\n<\/ul>\n<p>Sal\u00e1rio: 1749,0<\/p>\n","protected":false},"excerpt":{"rendered":"<p>O Grupo Seres seleciona profissional para atuar como Operador de Produ\u00e7\u00e3o \u2013 Visorista, em parceria com multinacional do segmento de bebidas, com opera\u00e7\u00e3o industrial localizada em Resende (RJ). A posi\u00e7\u00e3o atuar\u00e1 diretamente na linha de engarrafamento, realizando inspe\u00e7\u00e3o visual das garrafas e garantindo que os produtos estejam dentro dos padr\u00f5es de qualidade estabelecidos pela empresa. [&hellip;]<\/p>\n","protected":false},"author":1,"featured_media":0,"comment_status":"open","ping_status":"open","sticky":false,"template":"","format":"standard","meta":{"footnotes":""},"categories":[21],"tags":[],"class_list":["post-3430","post","type-post","status-publish","format-standard","hentry","category-rio-de-janeiro-rj"],"_links":{"self":[{"href":"https:\/\/vagas.portalemprego.com.br\/index.php?rest_route=\/wp\/v2\/posts\/3430","targetHints":{"allow":["GET"]}}],"collection":[{"href":"https:\/\/vagas.portalemprego.com.br\/index.php?rest_route=\/wp\/v2\/posts"}],"about":[{"href":"https:\/\/vagas.portalemprego.com.br\/index.php?rest_route=\/wp\/v2\/types\/post"}],"author":[{"embeddable":true,"href":"https:\/\/vagas.portalemprego.com.br\/index.php?rest_route=\/wp\/v2\/users\/1"}],"replies":[{"embeddable":true,"href":"https:\/\/vagas.portalemprego.com.br\/index.php?rest_route=%2Fwp%2Fv2%2Fcomments&post=3430"}],"version-history":[{"count":0,"href":"https:\/\/vagas.portalemprego.com.br\/index.php?rest_route=\/wp\/v2\/posts\/3430\/revisions"}],"wp:attachment":[{"href":"https:\/\/vagas.portalemprego.com.br\/index.php?rest_route=%2Fwp%2Fv2%2Fmedia&parent=3430"}],"wp:term":[{"taxonomy":"category","embeddable":true,"href":"https:\/\/vagas.portalemprego.com.br\/index.php?rest_route=%2Fwp%2Fv2%2Fcategories&post=3430"},{"taxonomy":"post_tag","embeddable":true,"href":"https:\/\/vagas.portalemprego.com.br\/index.php?rest_route=%2Fwp%2Fv2%2Ftags&post=3430"}],"curies":[{"name":"wp","href":"https:\/\/api.w.org\/{rel}","templated":true}]}}