{"id":3431,"date":"2026-04-29T06:04:04","date_gmt":"2026-04-29T09:04:04","guid":{"rendered":"https:\/\/vagas.portalemprego.com.br\/?p=3431"},"modified":"2026-04-29T06:04:04","modified_gmt":"2026-04-29T09:04:04","slug":"estagio-ensino-medio-tecnico-em-administracao-comercial-vendas-rio-de-janeiro","status":"publish","type":"post","link":"https:\/\/vagas.portalemprego.com.br\/?p=3431","title":{"rendered":"Est\u00e1gio Ensino M\u00e9dio \/ T\u00e9cnico em Administra\u00e7\u00e3o &#8211; Comercial, Vendas &#8211; Rio de Janeiro"},"content":{"rendered":"<p>Organiza\u00e7\u00e3o no segmento de consultoria de seguro de vida, seleciona estudantes cursando o Ensino M\u00e9dio do 1\u00ba ao 3\u00ba ano,  ou, T\u00e9cnico de Administra\u00e7\u00e3o, do 1\u00b0 ao 4\u00b0 per\u00edodopara oportunidade de est\u00e1gio.<\/p>\n<p>Atividades:<br \/>\n&#8211; Aux\u00edlio no controle de planilhas;<br \/>\n&#8211; Suporte no faturamento;<br \/>\n&#8211; Apoio na cobran\u00e7a;<br \/>\n&#8211; Suporte em compras administrativas.<\/p>\n<p>Local: Barra da Tijuca, Rj<br \/>\nHor\u00e1rio: Segunda a sexta, das 9h \u00e0s 16h &#8211; (com 1h de intervalo)<br \/>\nOferece bolsa de R$750 + Aux\u00edlio transporte + VR(R$20\/dia)<\/p>\n<p>Necess\u00e1rio: Conhecimento no Pacote Office<\/p>\n<ul>\n<li>Local de trabalho: Rio de Janeiro, RJ<\/li>\n<li>Regime de contrata\u00e7\u00e3o de tipo: Est\u00e1gio<\/li>\n<li>Jornada: Per\u00edodo Integral<\/li>\n<li>\u00c1rea e especializa\u00e7\u00e3o profissional: Comercial, Vendas &#8211; Corretagem<\/li>\n<li>N\u00edvel hier\u00e1rquico: Estagi\u00e1rio<\/li>\n<\/ul>\n<p>HABILIDADES<\/p>\n<ul>\n<li>Pacote Office<\/li>\n<\/ul>\n<p>Escolaridade M\u00ednima: Ensino M\u00e9dio (2\u00ba Grau)<\/p>\n<p>Forma\u00e7\u00e3o desejada:<\/p>\n<ul>\n<li>Ensino M\u00e9dio (2\u00ba Grau)<\/li>\n<li>Administra\u00e7\u00e3o, Curso T\u00e9cnico<\/li>\n<\/ul>\n<ul>\n<li>Aux\u00edlio Transporte<\/li>\n<li>Vale Refei\u00e7\u00e3o<\/li>\n<\/ul>\n<p>Sal\u00e1rio: 750,0<\/p>\n","protected":false},"excerpt":{"rendered":"<p>Organiza\u00e7\u00e3o no segmento de consultoria de seguro de vida, seleciona estudantes cursando o Ensino M\u00e9dio do 1\u00ba ao 3\u00ba ano, ou, T\u00e9cnico de Administra\u00e7\u00e3o, do 1\u00b0 ao 4\u00b0 per\u00edodopara oportunidade de est\u00e1gio. Atividades: &#8211; Aux\u00edlio no controle de planilhas; &#8211; Suporte no faturamento; &#8211; Apoio na cobran\u00e7a; &#8211; Suporte em compras administrativas. Local: Barra da [&hellip;]<\/p>\n","protected":false},"author":1,"featured_media":0,"comment_status":"open","ping_status":"open","sticky":false,"template":"","format":"standard","meta":{"footnotes":""},"categories":[21],"tags":[],"class_list":["post-3431","post","type-post","status-publish","format-standard","hentry","category-rio-de-janeiro-rj"],"_links":{"self":[{"href":"https:\/\/vagas.portalemprego.com.br\/index.php?rest_route=\/wp\/v2\/posts\/3431","targetHints":{"allow":["GET"]}}],"collection":[{"href":"https:\/\/vagas.portalemprego.com.br\/index.php?rest_route=\/wp\/v2\/posts"}],"about":[{"href":"https:\/\/vagas.portalemprego.com.br\/index.php?rest_route=\/wp\/v2\/types\/post"}],"author":[{"embeddable":true,"href":"https:\/\/vagas.portalemprego.com.br\/index.php?rest_route=\/wp\/v2\/users\/1"}],"replies":[{"embeddable":true,"href":"https:\/\/vagas.portalemprego.com.br\/index.php?rest_route=%2Fwp%2Fv2%2Fcomments&post=3431"}],"version-history":[{"count":0,"href":"https:\/\/vagas.portalemprego.com.br\/index.php?rest_route=\/wp\/v2\/posts\/3431\/revisions"}],"wp:attachment":[{"href":"https:\/\/vagas.portalemprego.com.br\/index.php?rest_route=%2Fwp%2Fv2%2Fmedia&parent=3431"}],"wp:term":[{"taxonomy":"category","embeddable":true,"href":"https:\/\/vagas.portalemprego.com.br\/index.php?rest_route=%2Fwp%2Fv2%2Fcategories&post=3431"},{"taxonomy":"post_tag","embeddable":true,"href":"https:\/\/vagas.portalemprego.com.br\/index.php?rest_route=%2Fwp%2Fv2%2Ftags&post=3431"}],"curies":[{"name":"wp","href":"https:\/\/api.w.org\/{rel}","templated":true}]}}