{"id":3433,"date":"2026-04-29T06:04:04","date_gmt":"2026-04-29T09:04:04","guid":{"rendered":"https:\/\/vagas.portalemprego.com.br\/?p=3433"},"modified":"2026-04-29T06:04:04","modified_gmt":"2026-04-29T09:04:04","slug":"motorista-hab-d-transportes-conceicao-de-macabu","status":"publish","type":"post","link":"https:\/\/vagas.portalemprego.com.br\/?p=3433","title":{"rendered":"Motorista &#8211; Hab D &#8211; Transportes &#8211; Concei\u00e7\u00e3o de Macabu"},"content":{"rendered":"<p>Motorista de \u00f4nibus.<br \/>\nRequisito:<br \/>\nCarteira D<br \/>\nTCP &#8211; Transporte coletivo de passageiros<br \/>\nExperi\u00eancia m\u00ednima como motorista de caminh\u00e3o\/\u00f4nibus.<br \/>\nObs: Haver\u00e1 teste pr\u00e1tico com candidatos a vaga.<\/p>\n<ul>\n<li>Local de trabalho: Concei\u00e7\u00e3o de Macabu, RJ<\/li>\n<li>Regime de contrata\u00e7\u00e3o de tipo: Outros<\/li>\n<li>Jornada: Per\u00edodo Integral<\/li>\n<li>\u00c1rea e especializa\u00e7\u00e3o profissional: Transportes &#8211; Motorista &#8211; Hab D<\/li>\n<li>N\u00edvel hier\u00e1rquico: Operacional<\/li>\n<\/ul>\n<p>Escolaridade M\u00ednima: Ensino Fundamental (1\u00ba grau)<\/p>\n","protected":false},"excerpt":{"rendered":"<p>Motorista de \u00f4nibus. Requisito: Carteira D TCP &#8211; Transporte coletivo de passageiros Experi\u00eancia m\u00ednima como motorista de caminh\u00e3o\/\u00f4nibus. Obs: Haver\u00e1 teste pr\u00e1tico com candidatos a vaga. Local de trabalho: Concei\u00e7\u00e3o de Macabu, RJ Regime de contrata\u00e7\u00e3o de tipo: Outros Jornada: Per\u00edodo Integral \u00c1rea e especializa\u00e7\u00e3o profissional: Transportes &#8211; Motorista &#8211; Hab D N\u00edvel hier\u00e1rquico: Operacional [&hellip;]<\/p>\n","protected":false},"author":1,"featured_media":0,"comment_status":"open","ping_status":"open","sticky":false,"template":"","format":"standard","meta":{"footnotes":""},"categories":[21],"tags":[],"class_list":["post-3433","post","type-post","status-publish","format-standard","hentry","category-rio-de-janeiro-rj"],"_links":{"self":[{"href":"https:\/\/vagas.portalemprego.com.br\/index.php?rest_route=\/wp\/v2\/posts\/3433","targetHints":{"allow":["GET"]}}],"collection":[{"href":"https:\/\/vagas.portalemprego.com.br\/index.php?rest_route=\/wp\/v2\/posts"}],"about":[{"href":"https:\/\/vagas.portalemprego.com.br\/index.php?rest_route=\/wp\/v2\/types\/post"}],"author":[{"embeddable":true,"href":"https:\/\/vagas.portalemprego.com.br\/index.php?rest_route=\/wp\/v2\/users\/1"}],"replies":[{"embeddable":true,"href":"https:\/\/vagas.portalemprego.com.br\/index.php?rest_route=%2Fwp%2Fv2%2Fcomments&post=3433"}],"version-history":[{"count":0,"href":"https:\/\/vagas.portalemprego.com.br\/index.php?rest_route=\/wp\/v2\/posts\/3433\/revisions"}],"wp:attachment":[{"href":"https:\/\/vagas.portalemprego.com.br\/index.php?rest_route=%2Fwp%2Fv2%2Fmedia&parent=3433"}],"wp:term":[{"taxonomy":"category","embeddable":true,"href":"https:\/\/vagas.portalemprego.com.br\/index.php?rest_route=%2Fwp%2Fv2%2Fcategories&post=3433"},{"taxonomy":"post_tag","embeddable":true,"href":"https:\/\/vagas.portalemprego.com.br\/index.php?rest_route=%2Fwp%2Fv2%2Ftags&post=3433"}],"curies":[{"name":"wp","href":"https:\/\/api.w.org\/{rel}","templated":true}]}}