{"id":3435,"date":"2026-04-29T06:04:04","date_gmt":"2026-04-29T09:04:04","guid":{"rendered":"https:\/\/vagas.portalemprego.com.br\/?p=3435"},"modified":"2026-04-29T06:04:04","modified_gmt":"2026-04-29T09:04:04","slug":"vendedora-de-loja-comercial-vendas-niteroi-3","status":"publish","type":"post","link":"https:\/\/vagas.portalemprego.com.br\/?p=3435","title":{"rendered":"Vendedora de Loja &#8211; Comercial, Vendas &#8211; Niter\u00f3i"},"content":{"rendered":"<p>Vaga: Vendedora \u2013 Loja de cal\u00e7ados e acess\u00f3rios<br \/>\nNiter\u00f3i<br \/>\nEstamos em busca de uma vendedora proativa, comunicativa e apaixonada por moda para atuar em uma loja de cal\u00e7ados localizada em Niter\u00f3i. Se voc\u00ea gosta de trabalhar com atendimento ao p\u00fablico e tem facilidade em vendas, essa oportunidade pode ser para voc\u00ea!<br \/>\nPrincipais atividades:<br \/>\nAtendimento ao cliente, proporcionando uma experi\u00eancia de compra personalizada<br \/>\nDemonstra\u00e7\u00e3o e venda de cal\u00e7ados e acess\u00f3rios<br \/>\nOrganiza\u00e7\u00e3o e reposi\u00e7\u00e3o de mercadorias na loja<br \/>\nApoio no visual merchandising (exposi\u00e7\u00e3o e organiza\u00e7\u00e3o dos produtos)<br \/>\nOpera\u00e7\u00e3o de caixa, quando necess\u00e1rio<br \/>\nRequisitos:<br \/>\nEnsino m\u00e9dio completo<br \/>\nExperi\u00eancia anterior com vendas (preferencialmente em cal\u00e7ados ou acess\u00f3rios)<br \/>\nBoa comunica\u00e7\u00e3o e simpatia no atendimento<br \/>\nFacilidade para trabalhar com metas de vendas<br \/>\nDisponibilidade de hor\u00e1rio<br \/>\nHor\u00e1rios dispon\u00edveis:<br \/>\nTurno manh\u00e3: segunda a sexta das 09h30 \u00e0s 18h00 | domingos conforme escala<br \/>\nTurno intermedi\u00e1rio: segunda a sexta das 11h30 \u00e0s 20h00 | domingos conforme escala<br \/>\nRemunera\u00e7\u00e3o:<br \/>\nComiss\u00e3o progressiva: 3,85% | 4% | 4,25% | 4,5%<br \/>\nM\u00ednimo garantido: R$ 1.700,00 (com complemento, se necess\u00e1rio)<br \/>\nM\u00e9dia salarial l\u00edquida: aproximadamente R$ 2.500,00, podendo variar conforme desempenho<br \/>\nBenef\u00edcios:<br \/>\nVale-lanche de R$ 27,50 para trabalho aos s\u00e1bados<br \/>\nAmbiente acolhedor, com foco em desenvolvimento profissional<br \/>\nConv\u00eanio com faculdades (descontos em cursos)<br \/>\nTelemedicina (atendimento m\u00e9dico e psicol\u00f3gico online)<\/p>\n<ul>\n<li>Local de trabalho: Niter\u00f3i, RJ<\/li>\n<li>Regime de contrata\u00e7\u00e3o de tipo: Efetivo \u2013 CLT<\/li>\n<li>Jornada: Per\u00edodo Integral<\/li>\n<li>\u00c1rea e especializa\u00e7\u00e3o profissional: Comercial, Vendas &#8211; Lojas \/ Shopping<\/li>\n<li>N\u00edvel hier\u00e1rquico: Operacional<\/li>\n<\/ul>\n<p>Escolaridade M\u00ednima: Ensino M\u00e9dio (2\u00ba Grau)<\/p>\n<p>Sal\u00e1rio: 2500,0<\/p>\n","protected":false},"excerpt":{"rendered":"<p>Vaga: Vendedora \u2013 Loja de cal\u00e7ados e acess\u00f3rios Niter\u00f3i Estamos em busca de uma vendedora proativa, comunicativa e apaixonada por moda para atuar em uma loja de cal\u00e7ados localizada em Niter\u00f3i. Se voc\u00ea gosta de trabalhar com atendimento ao p\u00fablico e tem facilidade em vendas, essa oportunidade pode ser para voc\u00ea! Principais atividades: Atendimento ao [&hellip;]<\/p>\n","protected":false},"author":1,"featured_media":0,"comment_status":"open","ping_status":"open","sticky":false,"template":"","format":"standard","meta":{"footnotes":""},"categories":[21],"tags":[],"class_list":["post-3435","post","type-post","status-publish","format-standard","hentry","category-rio-de-janeiro-rj"],"_links":{"self":[{"href":"https:\/\/vagas.portalemprego.com.br\/index.php?rest_route=\/wp\/v2\/posts\/3435","targetHints":{"allow":["GET"]}}],"collection":[{"href":"https:\/\/vagas.portalemprego.com.br\/index.php?rest_route=\/wp\/v2\/posts"}],"about":[{"href":"https:\/\/vagas.portalemprego.com.br\/index.php?rest_route=\/wp\/v2\/types\/post"}],"author":[{"embeddable":true,"href":"https:\/\/vagas.portalemprego.com.br\/index.php?rest_route=\/wp\/v2\/users\/1"}],"replies":[{"embeddable":true,"href":"https:\/\/vagas.portalemprego.com.br\/index.php?rest_route=%2Fwp%2Fv2%2Fcomments&post=3435"}],"version-history":[{"count":0,"href":"https:\/\/vagas.portalemprego.com.br\/index.php?rest_route=\/wp\/v2\/posts\/3435\/revisions"}],"wp:attachment":[{"href":"https:\/\/vagas.portalemprego.com.br\/index.php?rest_route=%2Fwp%2Fv2%2Fmedia&parent=3435"}],"wp:term":[{"taxonomy":"category","embeddable":true,"href":"https:\/\/vagas.portalemprego.com.br\/index.php?rest_route=%2Fwp%2Fv2%2Fcategories&post=3435"},{"taxonomy":"post_tag","embeddable":true,"href":"https:\/\/vagas.portalemprego.com.br\/index.php?rest_route=%2Fwp%2Fv2%2Ftags&post=3435"}],"curies":[{"name":"wp","href":"https:\/\/api.w.org\/{rel}","templated":true}]}}