{"id":3436,"date":"2026-04-29T06:04:04","date_gmt":"2026-04-29T09:04:04","guid":{"rendered":"https:\/\/vagas.portalemprego.com.br\/?p=3436"},"modified":"2026-04-29T06:04:04","modified_gmt":"2026-04-29T09:04:04","slug":"analista-de-precificacao-comercial-vendas-rio-de-janeiro","status":"publish","type":"post","link":"https:\/\/vagas.portalemprego.com.br\/?p=3436","title":{"rendered":"Analista de Precifica\u00e7\u00e3o &#8211; Comercial, Vendas &#8211; Rio de Janeiro"},"content":{"rendered":"<p>Buscamos profissional com experi\u00eancia em forma\u00e7\u00e3o de pre\u00e7os, atuando com planilhas de custos.<br \/>\nAtividades principais:<br \/>\nMontagem e an\u00e1lise de planilhas de precifica\u00e7\u00e3o;<br \/>\nC\u00e1lculo de custos (nutri\u00e7\u00e3o, m\u00e3o de obra e\/ou log\u00edstica);<br \/>\nApoio na defini\u00e7\u00e3o de pre\u00e7os e margens.<br \/>\nRequisitos:<br \/>\nExperi\u00eancia pr\u00e1tica em precifica\u00e7\u00e3o;<br \/>\nBom dom\u00ednio de Excel\/planilhas;<br \/>\nViv\u00eancia com custos operacionais.<br \/>\nN\u00e3o \u00e9 exigida forma\u00e7\u00e3o acad\u00eamica espec\u00edfica.<br \/>\n Experi\u00eancia pr\u00e1tica \u00e9 o principal crit\u00e9rio.<\/p>\n<ul>\n<li>Local de trabalho: Rio de Janeiro, RJ<\/li>\n<li>Regime de contrata\u00e7\u00e3o de tipo: Prestador de Servi\u00e7os (PJ)<\/li>\n<li>Jornada: Per\u00edodo Integral<\/li>\n<li>\u00c1rea e especializa\u00e7\u00e3o profissional: Comercial, Vendas &#8211; Representa\u00e7\u00e3o Comercial<\/li>\n<li>N\u00edvel hier\u00e1rquico: Analista<\/li>\n<\/ul>\n<p>VALORIZADO<\/p>\n<p>Tempo de experi\u00eancia: Entre 5 e 10 anos<\/p>\n<p>HABILIDADES<\/p>\n<ul>\n<li>Pre\u00e7os<\/li>\n<li>Planilhas<\/li>\n<li>Microsoft excel<\/li>\n<li>C\u00e1lculo<\/li>\n<li>An\u00e1lise<\/li>\n<\/ul>\n<p>Escolaridade M\u00ednima: Ensino Superior<\/p>\n","protected":false},"excerpt":{"rendered":"<p>Buscamos profissional com experi\u00eancia em forma\u00e7\u00e3o de pre\u00e7os, atuando com planilhas de custos. Atividades principais: Montagem e an\u00e1lise de planilhas de precifica\u00e7\u00e3o; C\u00e1lculo de custos (nutri\u00e7\u00e3o, m\u00e3o de obra e\/ou log\u00edstica); Apoio na defini\u00e7\u00e3o de pre\u00e7os e margens. Requisitos: Experi\u00eancia pr\u00e1tica em precifica\u00e7\u00e3o; Bom dom\u00ednio de Excel\/planilhas; Viv\u00eancia com custos operacionais. N\u00e3o \u00e9 exigida forma\u00e7\u00e3o [&hellip;]<\/p>\n","protected":false},"author":1,"featured_media":0,"comment_status":"open","ping_status":"open","sticky":false,"template":"","format":"standard","meta":{"footnotes":""},"categories":[21],"tags":[],"class_list":["post-3436","post","type-post","status-publish","format-standard","hentry","category-rio-de-janeiro-rj"],"_links":{"self":[{"href":"https:\/\/vagas.portalemprego.com.br\/index.php?rest_route=\/wp\/v2\/posts\/3436","targetHints":{"allow":["GET"]}}],"collection":[{"href":"https:\/\/vagas.portalemprego.com.br\/index.php?rest_route=\/wp\/v2\/posts"}],"about":[{"href":"https:\/\/vagas.portalemprego.com.br\/index.php?rest_route=\/wp\/v2\/types\/post"}],"author":[{"embeddable":true,"href":"https:\/\/vagas.portalemprego.com.br\/index.php?rest_route=\/wp\/v2\/users\/1"}],"replies":[{"embeddable":true,"href":"https:\/\/vagas.portalemprego.com.br\/index.php?rest_route=%2Fwp%2Fv2%2Fcomments&post=3436"}],"version-history":[{"count":0,"href":"https:\/\/vagas.portalemprego.com.br\/index.php?rest_route=\/wp\/v2\/posts\/3436\/revisions"}],"wp:attachment":[{"href":"https:\/\/vagas.portalemprego.com.br\/index.php?rest_route=%2Fwp%2Fv2%2Fmedia&parent=3436"}],"wp:term":[{"taxonomy":"category","embeddable":true,"href":"https:\/\/vagas.portalemprego.com.br\/index.php?rest_route=%2Fwp%2Fv2%2Fcategories&post=3436"},{"taxonomy":"post_tag","embeddable":true,"href":"https:\/\/vagas.portalemprego.com.br\/index.php?rest_route=%2Fwp%2Fv2%2Ftags&post=3436"}],"curies":[{"name":"wp","href":"https:\/\/api.w.org\/{rel}","templated":true}]}}