{"id":3440,"date":"2026-04-29T06:04:04","date_gmt":"2026-04-29T09:04:04","guid":{"rendered":"https:\/\/vagas.portalemprego.com.br\/?p=3440"},"modified":"2026-04-29T06:04:04","modified_gmt":"2026-04-29T09:04:04","slug":"vendedora-comercial-vendas-rio-de-janeiro-5","status":"publish","type":"post","link":"https:\/\/vagas.portalemprego.com.br\/?p=3440","title":{"rendered":"Vendedor(a) &#8211; Comercial, Vendas &#8211; Rio de Janeiro"},"content":{"rendered":"<p>Descri\u00e7\u00e3o de Cargo:<br \/>\nO(a) vendedor(a) desempenha um papel fundamental na D&amp;D Cosm\u00e9ticos, sendo respons\u00e1vel por promover a venda de produtos de beleza e cuidados pessoais em nossas lojas. Essa fun\u00e7\u00e3o exige boas habilidades de comunica\u00e7\u00e3o, conhecimento dos produtos e uma abordagem consultiva para atender \u00e0s necessidades dos clientes.<br \/>\nResponsabilidades:<br \/>\nAtendimento ao cliente:<br \/>\n Recepcionar os clientes de forma cordial e personalizada, estando preparado(a) para responder d\u00favidas, oferecer orienta\u00e7\u00f5es sobre os produtos, apresentar lan\u00e7amentos e sugerir op\u00e7\u00f5es adequadas \u00e0s necessidades de cada cliente.<br \/>\nVendas e metas:<br \/>\n Impulsionar as vendas e alcan\u00e7ar as metas estabelecidas pela empresa, utilizando t\u00e9cnicas de persuas\u00e3o e conhecimento dos produtos para realizar vendas eficazes, destacando benef\u00edcios e diferenciais.<br \/>\nConhecimento dos produtos:<br \/>\n Conhecer profundamente os produtos dispon\u00edveis na loja, incluindo caracter\u00edsticas, ingredientes, modo de uso e benef\u00edcios. Manter-se atualizado(a) sobre tend\u00eancias do setor de cosm\u00e9ticos e transmitir essas informa\u00e7\u00f5es de forma clara e objetiva aos clientes.<br \/>\nOrganiza\u00e7\u00e3o e reposi\u00e7\u00e3o de estoque:<br \/>\n Auxiliar na organiza\u00e7\u00e3o e reposi\u00e7\u00e3o do estoque, garantindo a correta exposi\u00e7\u00e3o dos produtos, verifica\u00e7\u00e3o de validade, etiquetagem adequada e manuten\u00e7\u00e3o da organiza\u00e7\u00e3o das prateleiras.<br \/>\nProspec\u00e7\u00e3o de clientes:<br \/>\n Identificar novas oportunidades de vendas por meio de abordagem ativa, indica\u00e7\u00f5es, recomenda\u00e7\u00f5es, contato via WhatsApp da loja e a\u00e7\u00f5es como panfletagem para atrair novos clientes.<br \/>\nAtualiza\u00e7\u00e3o sobre promo\u00e7\u00f5es e campanhas:<br \/>\n Manter-se informado(a) sobre promo\u00e7\u00f5es, campanhas e lan\u00e7amentos da empresa, repassando essas informa\u00e7\u00f5es aos clientes e incentivando sua participa\u00e7\u00e3o.<br \/>\nRegistro de vendas e p\u00f3s-venda:<br \/>\n Registrar corretamente as vendas realizadas, garantindo a finaliza\u00e7\u00e3o adequada dos pagamentos, al\u00e9m de realizar acompanhamento p\u00f3s-venda para obter feedback e oferecer suporte quando necess\u00e1rio.<br \/>\nManuten\u00e7\u00e3o do ambiente de trabalho:<br \/>\n Zelar pela limpeza e organiza\u00e7\u00e3o do ambiente, proporcionando uma experi\u00eancia agrad\u00e1vel aos clientes.<br \/>\nExperi\u00eancia e Requisitos:<br \/>\nExperi\u00eancia pr\u00e9via em vendas, preferencialmente no varejo;<br \/>\nExperi\u00eancia ou conhecimento no setor de cosm\u00e9ticos ser\u00e1 um diferencial;<br \/>\nViv\u00eancia em atendimento ao cliente, com foco na identifica\u00e7\u00e3o de necessidades e orienta\u00e7\u00e3o adequada;<br \/>\nHabilidade para trabalhar em equipe;<br \/>\nBoa comunica\u00e7\u00e3o verbal e escrita;<br \/>\nPerfil orientado a metas e resultados.<br \/>\nApesar da import\u00e2ncia da experi\u00eancia e forma\u00e7\u00e3o, a D&amp;D Cosm\u00e9ticos valoriza tamb\u00e9m atitudes como proatividade, postura positiva, habilidades interpessoais e comprometimento com a excel\u00eancia no atendimento ao cliente.<\/p>\n<ul>\n<li>Local de trabalho: Rio de Janeiro, RJ<\/li>\n<li>Regime de contrata\u00e7\u00e3o de tipo: Efetivo \u2013 CLT<\/li>\n<li>Jornada: Per\u00edodo Integral<\/li>\n<li>\u00c1rea e especializa\u00e7\u00e3o profissional: Comercial, Vendas &#8211; Venda Interna<\/li>\n<li>N\u00edvel hier\u00e1rquico: Operacional<\/li>\n<\/ul>\n<p>VALORIZADO<\/p>\n<p>Tempo de experi\u00eancia: Entre 1 e 3 anos<\/p>\n<p>Escolaridade M\u00ednima: Ensino M\u00e9dio (2\u00ba Grau)<\/p>\n<ul>\n<li>Descontos Diferenciados<\/li>\n<li>Comiss\u00e3o<\/li>\n<li>Seguro de Vida<\/li>\n<li>Plano Odontologico<\/li>\n<li>Total Pass<\/li>\n<li>TeleNutri\u00e7\u00e3o<\/li>\n<li>TeleTerapia<\/li>\n<\/ul>\n<p>Sal\u00e1rio: 1700,0<\/p>\n","protected":false},"excerpt":{"rendered":"<p>Descri\u00e7\u00e3o de Cargo: O(a) vendedor(a) desempenha um papel fundamental na D&amp;D Cosm\u00e9ticos, sendo respons\u00e1vel por promover a venda de produtos de beleza e cuidados pessoais em nossas lojas. Essa fun\u00e7\u00e3o exige boas habilidades de comunica\u00e7\u00e3o, conhecimento dos produtos e uma abordagem consultiva para atender \u00e0s necessidades dos clientes. Responsabilidades: Atendimento ao cliente: Recepcionar os clientes [&hellip;]<\/p>\n","protected":false},"author":1,"featured_media":0,"comment_status":"open","ping_status":"open","sticky":false,"template":"","format":"standard","meta":{"footnotes":""},"categories":[21],"tags":[],"class_list":["post-3440","post","type-post","status-publish","format-standard","hentry","category-rio-de-janeiro-rj"],"_links":{"self":[{"href":"https:\/\/vagas.portalemprego.com.br\/index.php?rest_route=\/wp\/v2\/posts\/3440","targetHints":{"allow":["GET"]}}],"collection":[{"href":"https:\/\/vagas.portalemprego.com.br\/index.php?rest_route=\/wp\/v2\/posts"}],"about":[{"href":"https:\/\/vagas.portalemprego.com.br\/index.php?rest_route=\/wp\/v2\/types\/post"}],"author":[{"embeddable":true,"href":"https:\/\/vagas.portalemprego.com.br\/index.php?rest_route=\/wp\/v2\/users\/1"}],"replies":[{"embeddable":true,"href":"https:\/\/vagas.portalemprego.com.br\/index.php?rest_route=%2Fwp%2Fv2%2Fcomments&post=3440"}],"version-history":[{"count":0,"href":"https:\/\/vagas.portalemprego.com.br\/index.php?rest_route=\/wp\/v2\/posts\/3440\/revisions"}],"wp:attachment":[{"href":"https:\/\/vagas.portalemprego.com.br\/index.php?rest_route=%2Fwp%2Fv2%2Fmedia&parent=3440"}],"wp:term":[{"taxonomy":"category","embeddable":true,"href":"https:\/\/vagas.portalemprego.com.br\/index.php?rest_route=%2Fwp%2Fv2%2Fcategories&post=3440"},{"taxonomy":"post_tag","embeddable":true,"href":"https:\/\/vagas.portalemprego.com.br\/index.php?rest_route=%2Fwp%2Fv2%2Ftags&post=3440"}],"curies":[{"name":"wp","href":"https:\/\/api.w.org\/{rel}","templated":true}]}}