{"id":3443,"date":"2026-04-29T06:04:04","date_gmt":"2026-04-29T09:04:04","guid":{"rendered":"https:\/\/vagas.portalemprego.com.br\/?p=3443"},"modified":"2026-04-29T06:04:04","modified_gmt":"2026-04-29T09:04:04","slug":"tecnico-de-manutencao-eletronica-meier-rj-construcao-manutencao-rio-de-janeiro","status":"publish","type":"post","link":"https:\/\/vagas.portalemprego.com.br\/?p=3443","title":{"rendered":"T\u00e9cnico de Manuten\u00e7\u00e3o Eletr\u00f4nica &#8211; M\u00e9ier\/RJ &#8211; Constru\u00e7\u00e3o, Manuten\u00e7\u00e3o &#8211; Rio de Janeiro"},"content":{"rendered":"<p>Sobre\u00a0a\u00a0vaga:<br \/>\nTrabalhamos\u00a0para\u00a0voc\u00ea\u00a0ser\u00a0mais\u00a0voc\u00ea\u00a0em\u00a0todos\u00a0os\u00a0momentos,\u00a0come\u00e7ando\u00a0pela\u00a0sua\u00a0carreira.\u00a0Se\u00a0voc\u00ea\u00a0se\u00a0identifica\u00a0conosco\u00a0e\u00a0procura\u00a0uma\u00a0empresa,\u00a0acima\u00a0de\u00a0tudo,\u00a0apaixonada\u00a0por\u00a0pessoas,\u00a0#VemPraC&amp;A!<\/p>\n<p>Principais\u00a0atribui\u00e7\u00f5es:<br \/>\nRealizar\u00a0manuten\u00e7\u00f5es\u00a0preventivas\u00a0e\u00a0corretivas\u00a0nos\u00a0grandes\u00a0equipamentos,\u00a0instala\u00e7\u00f5es\u00a0da\u00a0loja\u00a0e\u00a0\u00e1reas\u00a0t\u00e9cnicas\u00a0(el\u00e9trica,\u00a0telefonia,\u00a0CFTV,\u00a0l\u00f3gica,\u00a0sist\u00eamica,\u00a0etc.);<br \/>\nGarantir\u00a0a\u00a0seguran\u00e7a\u00a0e\u00a0o\u00a0bom\u00a0funcionamento\u00a0dos\u00a0equipamentos\u00a0e\u00a0instala\u00e7\u00f5es;<br \/>\nManter\u00a0registros\u00a0precisos\u00a0de\u00a0todas\u00a0as\u00a0atividades\u00a0de\u00a0manuten\u00e7\u00e3o;<br \/>\nPreenchimento\u00a0de\u00a0checklists\u00a0da\u00a0Engenharia\u00a0e\u00a0Manuten\u00e7\u00e3o;<br \/>\nAcompanhamento\u00a0de\u00a0empresas\u00a0terceirizadas,\u00a0controle\u00a0de\u00a0custos\u00a0e\u00a0realiza\u00e7\u00e3o\u00a0de\u00a0or\u00e7amentos.<br \/>\nTrabalhar\u00a0em\u00a0estreita\u00a0colabora\u00e7\u00e3o\u00a0com\u00a0a\u00a0equipe\u00a0de\u00a0opera\u00e7\u00e3o\u00a0para\u00a0minimizar\u00a0o\u00a0tempo\u00a0de\u00a0inatividade\u00a0dos\u00a0equipamentos.<\/p>\n<p>Requisitos\u00a0obrigat\u00f3rios:<br \/>\nForma\u00e7\u00e3o\u00a0t\u00e9cnica\u00a0em eletr\u00f4nica,\u00a0eletroeletr\u00f4nica, eletrot\u00e9cnica,\u00a0eletricista\u00a0predial\/industrial\u00a0ou\u00a0\u00e1reas\u00a0correlatas;<br \/>\nConhecimento\u00a0em\u00a0NR-10;<br \/>\nExperi\u00eancia\u00a0comprovada\u00a0com\u00a0manuten\u00e7\u00f5es\/infraestrutura\u00a0de\u00a0instala\u00e7\u00f5es\u00a0el\u00e9tricas\u00a0residenciais,\u00a0comerciais\u00a0ou\u00a0industriais;<br \/>\nDisponibilidade\u00a0de\u00a0hor\u00e1rio\u00a0e\u00a0para\u00a0trabalhar\u00a0em\u00a0escala\u00a06X1\u00a0no\u00a0per\u00edodo\u00a0manh\u00e3\/tarde.<\/p>\n<p>Perfil\u00a0desejado:<br \/>\nHabilidades\u00a0para\u00a0realizar\u00a0manuten\u00e7\u00e3o\u00a0preventiva\u00a0e\u00a0corretiva;<br \/>\nProatividade,\u00a0responsabilidade\u00a0e\u00a0boa\u00a0capacidade\u00a0de\u00a0resolu\u00e7\u00e3o\u00a0de\u00a0problemas.<\/p>\n<ul>\n<li>Local de trabalho: Rio de Janeiro, RJ<\/li>\n<li>Regime de contrata\u00e7\u00e3o de tipo: Efetivo \u2013 CLT<\/li>\n<li>Jornada: Per\u00edodo Integral<\/li>\n<li>\u00c1rea e especializa\u00e7\u00e3o profissional: Constru\u00e7\u00e3o, Manuten\u00e7\u00e3o &#8211; Manuten\u00e7\u00e3o e Instala\u00e7\u00f5es<\/li>\n<li>N\u00edvel hier\u00e1rquico: Assistente<\/li>\n<\/ul>\n<p>VALORIZADO<\/p>\n<p>Tempo de experi\u00eancia: Entre 1 e 3 anos<\/p>\n<p>Escolaridade M\u00ednima: Ensino M\u00e9dio (2\u00ba Grau)<\/p>\n<p>Forma\u00e7\u00e3o desejada:<\/p>\n<ul>\n<li>Eletroeletr\u00f4nica, Curso T\u00e9cnico<\/li>\n<li>Eletrot\u00e9cnica, Curso T\u00e9cnico<\/li>\n<li>Eletr\u00f4nica, Curso T\u00e9cnico<\/li>\n<\/ul>\n<ul>\n<li>Telemedicina e Teleterapias<\/li>\n<li>Wellhub\/Gympass<\/li>\n<li>Participa\u00e7\u00e3o nos Lucros<\/li>\n<li>Assist\u00eancia m\u00e9dica e odontol\u00f3gica (ap\u00f3s 12 meses)<\/li>\n<li>Caf\u00e9 da manh\u00e3 no local e gratuito<\/li>\n<li>Vale Refei\u00e7\u00e3o\/Alimenta\u00e7\u00e3o<\/li>\n<li>Vale Transporte<\/li>\n<li>Conv\u00eanio Farm\u00e1cia<\/li>\n<li>Desconto de 20% nos produtos C&amp;A<\/li>\n<li>Apoio psicol\u00f3gico, social, nutricional, fisioter\u00e1pico e esportivo<\/li>\n<li>Conv\u00eanio Sesc<\/li>\n<\/ul>\n","protected":false},"excerpt":{"rendered":"<p>Sobre\u00a0a\u00a0vaga: Trabalhamos\u00a0para\u00a0voc\u00ea\u00a0ser\u00a0mais\u00a0voc\u00ea\u00a0em\u00a0todos\u00a0os\u00a0momentos,\u00a0come\u00e7ando\u00a0pela\u00a0sua\u00a0carreira.\u00a0Se\u00a0voc\u00ea\u00a0se\u00a0identifica\u00a0conosco\u00a0e\u00a0procura\u00a0uma\u00a0empresa,\u00a0acima\u00a0de\u00a0tudo,\u00a0apaixonada\u00a0por\u00a0pessoas,\u00a0#VemPraC&amp;A! Principais\u00a0atribui\u00e7\u00f5es: Realizar\u00a0manuten\u00e7\u00f5es\u00a0preventivas\u00a0e\u00a0corretivas\u00a0nos\u00a0grandes\u00a0equipamentos,\u00a0instala\u00e7\u00f5es\u00a0da\u00a0loja\u00a0e\u00a0\u00e1reas\u00a0t\u00e9cnicas\u00a0(el\u00e9trica,\u00a0telefonia,\u00a0CFTV,\u00a0l\u00f3gica,\u00a0sist\u00eamica,\u00a0etc.); Garantir\u00a0a\u00a0seguran\u00e7a\u00a0e\u00a0o\u00a0bom\u00a0funcionamento\u00a0dos\u00a0equipamentos\u00a0e\u00a0instala\u00e7\u00f5es; Manter\u00a0registros\u00a0precisos\u00a0de\u00a0todas\u00a0as\u00a0atividades\u00a0de\u00a0manuten\u00e7\u00e3o; Preenchimento\u00a0de\u00a0checklists\u00a0da\u00a0Engenharia\u00a0e\u00a0Manuten\u00e7\u00e3o; Acompanhamento\u00a0de\u00a0empresas\u00a0terceirizadas,\u00a0controle\u00a0de\u00a0custos\u00a0e\u00a0realiza\u00e7\u00e3o\u00a0de\u00a0or\u00e7amentos. Trabalhar\u00a0em\u00a0estreita\u00a0colabora\u00e7\u00e3o\u00a0com\u00a0a\u00a0equipe\u00a0de\u00a0opera\u00e7\u00e3o\u00a0para\u00a0minimizar\u00a0o\u00a0tempo\u00a0de\u00a0inatividade\u00a0dos\u00a0equipamentos. Requisitos\u00a0obrigat\u00f3rios: Forma\u00e7\u00e3o\u00a0t\u00e9cnica\u00a0em eletr\u00f4nica,\u00a0eletroeletr\u00f4nica, eletrot\u00e9cnica,\u00a0eletricista\u00a0predial\/industrial\u00a0ou\u00a0\u00e1reas\u00a0correlatas; Conhecimento\u00a0em\u00a0NR-10; Experi\u00eancia\u00a0comprovada\u00a0com\u00a0manuten\u00e7\u00f5es\/infraestrutura\u00a0de\u00a0instala\u00e7\u00f5es\u00a0el\u00e9tricas\u00a0residenciais,\u00a0comerciais\u00a0ou\u00a0industriais; Disponibilidade\u00a0de\u00a0hor\u00e1rio\u00a0e\u00a0para\u00a0trabalhar\u00a0em\u00a0escala\u00a06X1\u00a0no\u00a0per\u00edodo\u00a0manh\u00e3\/tarde. Perfil\u00a0desejado: Habilidades\u00a0para\u00a0realizar\u00a0manuten\u00e7\u00e3o\u00a0preventiva\u00a0e\u00a0corretiva; Proatividade,\u00a0responsabilidade\u00a0e\u00a0boa\u00a0capacidade\u00a0de\u00a0resolu\u00e7\u00e3o\u00a0de\u00a0problemas. Local de trabalho: Rio de Janeiro, RJ Regime de contrata\u00e7\u00e3o de tipo: Efetivo \u2013 CLT Jornada: Per\u00edodo Integral \u00c1rea e especializa\u00e7\u00e3o profissional: Constru\u00e7\u00e3o, Manuten\u00e7\u00e3o &#8211; Manuten\u00e7\u00e3o e Instala\u00e7\u00f5es N\u00edvel hier\u00e1rquico: Assistente VALORIZADO Tempo de experi\u00eancia: Entre [&hellip;]<\/p>\n","protected":false},"author":1,"featured_media":0,"comment_status":"open","ping_status":"open","sticky":false,"template":"","format":"standard","meta":{"footnotes":""},"categories":[21],"tags":[],"class_list":["post-3443","post","type-post","status-publish","format-standard","hentry","category-rio-de-janeiro-rj"],"_links":{"self":[{"href":"https:\/\/vagas.portalemprego.com.br\/index.php?rest_route=\/wp\/v2\/posts\/3443","targetHints":{"allow":["GET"]}}],"collection":[{"href":"https:\/\/vagas.portalemprego.com.br\/index.php?rest_route=\/wp\/v2\/posts"}],"about":[{"href":"https:\/\/vagas.portalemprego.com.br\/index.php?rest_route=\/wp\/v2\/types\/post"}],"author":[{"embeddable":true,"href":"https:\/\/vagas.portalemprego.com.br\/index.php?rest_route=\/wp\/v2\/users\/1"}],"replies":[{"embeddable":true,"href":"https:\/\/vagas.portalemprego.com.br\/index.php?rest_route=%2Fwp%2Fv2%2Fcomments&post=3443"}],"version-history":[{"count":0,"href":"https:\/\/vagas.portalemprego.com.br\/index.php?rest_route=\/wp\/v2\/posts\/3443\/revisions"}],"wp:attachment":[{"href":"https:\/\/vagas.portalemprego.com.br\/index.php?rest_route=%2Fwp%2Fv2%2Fmedia&parent=3443"}],"wp:term":[{"taxonomy":"category","embeddable":true,"href":"https:\/\/vagas.portalemprego.com.br\/index.php?rest_route=%2Fwp%2Fv2%2Fcategories&post=3443"},{"taxonomy":"post_tag","embeddable":true,"href":"https:\/\/vagas.portalemprego.com.br\/index.php?rest_route=%2Fwp%2Fv2%2Ftags&post=3443"}],"curies":[{"name":"wp","href":"https:\/\/api.w.org\/{rel}","templated":true}]}}