{"id":3445,"date":"2026-04-29T06:04:04","date_gmt":"2026-04-29T09:04:04","guid":{"rendered":"https:\/\/vagas.portalemprego.com.br\/?p=3445"},"modified":"2026-04-29T06:04:04","modified_gmt":"2026-04-29T09:04:04","slug":"padeiro-alimentacao-gastronomia-rio-de-janeiro","status":"publish","type":"post","link":"https:\/\/vagas.portalemprego.com.br\/?p=3445","title":{"rendered":"Padeiro &#8211; Alimenta\u00e7\u00e3o \/ Gastronomia &#8211; Rio de Janeiro"},"content":{"rendered":"<p>Padaria de fermenta\u00e7\u00e3o natural, localizada na Zona Sul, contrata para o cargo de Padeiro.<\/p>\n<p>Atividades:<br \/>\n&#8211; Realizar o preparo de p\u00e3es em fermenta\u00e7\u00e3o natural;<br \/>\n&#8211; Fazendo a manipula\u00e7\u00e3o da massa;<br \/>\n&#8211; Assamento dos p\u00e3es;<br \/>\n&#8211; Alimenta\u00e7\u00e3o do Levain.<\/p>\n<p>Hor\u00e1rio: De 06h \u00e0s 15h &#8211; Escala 5&#215;2 com folgas as segundas e quartas-feiras.<\/p>\n<p>Local: Copacabana<\/p>\n<p>Oferece sal\u00e1rio de R$ 2.008,00 + Vale-Transporte + Lanche (R$ 10\/dia) + Bonifica\u00e7\u00e3o mensal + Pr\u00eamio de assiduidade (R$ 200\/m\u00eas).  <\/p>\n<p>Necess\u00e1rio:<br \/>\n&#8211; Ensino M\u00e9dio completo;<br \/>\n&#8211; Experi\u00eancia com panifica\u00e7\u00e3o.<\/p>\n<p>Curso na \u00e1rea e viv\u00eancia com fermenta\u00e7\u00e3o natural ser\u00e1 um diferencial.<\/p>\n<ul>\n<li>Local de trabalho: Rio de Janeiro, RJ<\/li>\n<li>Regime de contrata\u00e7\u00e3o de tipo: Efetivo \u2013 CLT<\/li>\n<li>Jornada: Per\u00edodo Integral<\/li>\n<li>\u00c1rea e especializa\u00e7\u00e3o profissional: Alimenta\u00e7\u00e3o \/ Gastronomia &#8211; Padaria<\/li>\n<li>N\u00edvel hier\u00e1rquico: Especialista<\/li>\n<\/ul>\n<p>Escolaridade M\u00ednima: Ensino Fundamental (1\u00ba grau)<\/p>\n<p>Sal\u00e1rio: 2008,0<\/p>\n","protected":false},"excerpt":{"rendered":"<p>Padaria de fermenta\u00e7\u00e3o natural, localizada na Zona Sul, contrata para o cargo de Padeiro. Atividades: &#8211; Realizar o preparo de p\u00e3es em fermenta\u00e7\u00e3o natural; &#8211; Fazendo a manipula\u00e7\u00e3o da massa; &#8211; Assamento dos p\u00e3es; &#8211; Alimenta\u00e7\u00e3o do Levain. Hor\u00e1rio: De 06h \u00e0s 15h &#8211; Escala 5&#215;2 com folgas as segundas e quartas-feiras. Local: Copacabana Oferece [&hellip;]<\/p>\n","protected":false},"author":1,"featured_media":0,"comment_status":"open","ping_status":"open","sticky":false,"template":"","format":"standard","meta":{"footnotes":""},"categories":[21],"tags":[],"class_list":["post-3445","post","type-post","status-publish","format-standard","hentry","category-rio-de-janeiro-rj"],"_links":{"self":[{"href":"https:\/\/vagas.portalemprego.com.br\/index.php?rest_route=\/wp\/v2\/posts\/3445","targetHints":{"allow":["GET"]}}],"collection":[{"href":"https:\/\/vagas.portalemprego.com.br\/index.php?rest_route=\/wp\/v2\/posts"}],"about":[{"href":"https:\/\/vagas.portalemprego.com.br\/index.php?rest_route=\/wp\/v2\/types\/post"}],"author":[{"embeddable":true,"href":"https:\/\/vagas.portalemprego.com.br\/index.php?rest_route=\/wp\/v2\/users\/1"}],"replies":[{"embeddable":true,"href":"https:\/\/vagas.portalemprego.com.br\/index.php?rest_route=%2Fwp%2Fv2%2Fcomments&post=3445"}],"version-history":[{"count":0,"href":"https:\/\/vagas.portalemprego.com.br\/index.php?rest_route=\/wp\/v2\/posts\/3445\/revisions"}],"wp:attachment":[{"href":"https:\/\/vagas.portalemprego.com.br\/index.php?rest_route=%2Fwp%2Fv2%2Fmedia&parent=3445"}],"wp:term":[{"taxonomy":"category","embeddable":true,"href":"https:\/\/vagas.portalemprego.com.br\/index.php?rest_route=%2Fwp%2Fv2%2Fcategories&post=3445"},{"taxonomy":"post_tag","embeddable":true,"href":"https:\/\/vagas.portalemprego.com.br\/index.php?rest_route=%2Fwp%2Fv2%2Ftags&post=3445"}],"curies":[{"name":"wp","href":"https:\/\/api.w.org\/{rel}","templated":true}]}}