{"id":3453,"date":"2026-04-29T06:05:05","date_gmt":"2026-04-29T09:05:05","guid":{"rendered":"https:\/\/vagas.portalemprego.com.br\/?p=3453"},"modified":"2026-04-29T06:05:05","modified_gmt":"2026-04-29T09:05:05","slug":"tecnico-em-eletrotecnico-macae-rj-construcao-manutencao-macae","status":"publish","type":"post","link":"https:\/\/vagas.portalemprego.com.br\/?p=3453","title":{"rendered":"T\u00e9cnico em Eletrot\u00e9cnico &#8211; Maca\u00e9\/RJ &#8211; Constru\u00e7\u00e3o, Manuten\u00e7\u00e3o &#8211; Maca\u00e9"},"content":{"rendered":"<p>A\u00a0Onet\u00a0Brasil\u00a0est\u00e1\u00a0com\u00a0vagas\u00a0abertas\u00a0para T\u00e9cnico em Eletrot\u00e9cnico\u00a0na\u00a0de Mac\u00e1e no Rio de Janeiro.<br \/>\nEscala 12&#215;36 &#8211; 19:00-07:00<\/p>\n<p>Sal\u00e1rio:\u00a03.411,00<\/p>\n<p>Benef\u00edcios:\u00a0<br \/>\nVale\u00a0refei\u00e7\u00e3o\u00a0R$\u00a022,41\u00a0por\u00a0dia<br \/>\nVale-Transporte<br \/>\n30%\u00a0de\u00a0Periculosidade<\/p>\n<p>Responsabilidades:<br \/>\nExecutar instala\u00e7\u00e3o, manuten\u00e7\u00e3o preventiva e corretiva em sistemas el\u00e9tricos industriais e prediais;<br \/>\n Realizar manuten\u00e7\u00e3o em manuten\u00e7\u00e3o de pain\u00e9is el\u00e9tricos, quadros de distribui\u00e7\u00e3o e comandos;<br \/>\nInterpretar diagramas el\u00e9tricos, esquemas unifilares e projetos t\u00e9cnicos;<br \/>\nExecutar medi\u00e7\u00f5es el\u00e9tricas (tens\u00e3o, corrente, resist\u00eancia, continuidade e aterramento);<br \/>\n Atuar em sistemas de prote\u00e7\u00e3o, comandos el\u00e9tricos e automa\u00e7\u00e3o b\u00e1sica;<br \/>\nInspecionar subesta\u00e7\u00f5es e equipamentos de m\u00e9dia tens\u00e3o;<br \/>\nElaborar relat\u00f3rios t\u00e9cnicos e registrar interven\u00e7\u00f5es realizadas;<br \/>\nApoiar na an\u00e1lise de falhas e propor melhorias nos sistemas el\u00e9tricos.<br \/>\nRequisitos:<br \/>\nCurso T\u00e9cnico em Eletrot\u00e9cnica conclu\u00eddo;<br \/>\nRegistro no CFT\/CRT (quando exigido);<br \/>\nConhecimento em comandos el\u00e9tricos e sistemas trif\u00e1sicos;<br \/>\nNossa\u00a0empresa\u00a0acredita\u00a0na\u00a0diversidade\u00a0e\u00a0na\u00a0inclus\u00e3o\u00a0de\u00a0todos.\u00a0Por\u00a0isso,\u00a0as\u00a0vagas\u00a0abertas\u00a0s\u00e3o\u00a0tamb\u00e9m\u00a0para\u00a0Pessoas\u00a0com\u00a0Defici\u00eancia\u00a0(PCD).<\/p>\n<ul>\n<li>Local de trabalho: Maca\u00e9, RJ<\/li>\n<li>Regime de contrata\u00e7\u00e3o de tipo: Efetivo \u2013 CLT<\/li>\n<li>Jornada: Per\u00edodo Integral<\/li>\n<li>\u00c1rea e especializa\u00e7\u00e3o profissional: Constru\u00e7\u00e3o, Manuten\u00e7\u00e3o &#8211; Manuten\u00e7\u00e3o em Geral<\/li>\n<li>N\u00edvel hier\u00e1rquico: Operacional<\/li>\n<\/ul>\n<p>Escolaridade M\u00ednima: Curso T\u00e9cnico<\/p>\n<p>Sal\u00e1rio: 3500,0<\/p>\n","protected":false},"excerpt":{"rendered":"<p>A\u00a0Onet\u00a0Brasil\u00a0est\u00e1\u00a0com\u00a0vagas\u00a0abertas\u00a0para T\u00e9cnico em Eletrot\u00e9cnico\u00a0na\u00a0de Mac\u00e1e no Rio de Janeiro. Escala 12&#215;36 &#8211; 19:00-07:00 Sal\u00e1rio:\u00a03.411,00 Benef\u00edcios:\u00a0 Vale\u00a0refei\u00e7\u00e3o\u00a0R$\u00a022,41\u00a0por\u00a0dia Vale-Transporte 30%\u00a0de\u00a0Periculosidade Responsabilidades: Executar instala\u00e7\u00e3o, manuten\u00e7\u00e3o preventiva e corretiva em sistemas el\u00e9tricos industriais e prediais; Realizar manuten\u00e7\u00e3o em manuten\u00e7\u00e3o de pain\u00e9is el\u00e9tricos, quadros de distribui\u00e7\u00e3o e comandos; Interpretar diagramas el\u00e9tricos, esquemas unifilares e projetos t\u00e9cnicos; Executar medi\u00e7\u00f5es el\u00e9tricas (tens\u00e3o, [&hellip;]<\/p>\n","protected":false},"author":1,"featured_media":0,"comment_status":"open","ping_status":"open","sticky":false,"template":"","format":"standard","meta":{"footnotes":""},"categories":[21],"tags":[],"class_list":["post-3453","post","type-post","status-publish","format-standard","hentry","category-rio-de-janeiro-rj"],"_links":{"self":[{"href":"https:\/\/vagas.portalemprego.com.br\/index.php?rest_route=\/wp\/v2\/posts\/3453","targetHints":{"allow":["GET"]}}],"collection":[{"href":"https:\/\/vagas.portalemprego.com.br\/index.php?rest_route=\/wp\/v2\/posts"}],"about":[{"href":"https:\/\/vagas.portalemprego.com.br\/index.php?rest_route=\/wp\/v2\/types\/post"}],"author":[{"embeddable":true,"href":"https:\/\/vagas.portalemprego.com.br\/index.php?rest_route=\/wp\/v2\/users\/1"}],"replies":[{"embeddable":true,"href":"https:\/\/vagas.portalemprego.com.br\/index.php?rest_route=%2Fwp%2Fv2%2Fcomments&post=3453"}],"version-history":[{"count":0,"href":"https:\/\/vagas.portalemprego.com.br\/index.php?rest_route=\/wp\/v2\/posts\/3453\/revisions"}],"wp:attachment":[{"href":"https:\/\/vagas.portalemprego.com.br\/index.php?rest_route=%2Fwp%2Fv2%2Fmedia&parent=3453"}],"wp:term":[{"taxonomy":"category","embeddable":true,"href":"https:\/\/vagas.portalemprego.com.br\/index.php?rest_route=%2Fwp%2Fv2%2Fcategories&post=3453"},{"taxonomy":"post_tag","embeddable":true,"href":"https:\/\/vagas.portalemprego.com.br\/index.php?rest_route=%2Fwp%2Fv2%2Ftags&post=3453"}],"curies":[{"name":"wp","href":"https:\/\/api.w.org\/{rel}","templated":true}]}}