{"id":3457,"date":"2026-04-29T06:05:05","date_gmt":"2026-04-29T09:05:05","guid":{"rendered":"https:\/\/vagas.portalemprego.com.br\/?p=3457"},"modified":"2026-04-29T06:05:05","modified_gmt":"2026-04-29T09:05:05","slug":"estagio-em-engenharia-de-producao-administracao-logistica-administracao-rio-de-janeiro","status":"publish","type":"post","link":"https:\/\/vagas.portalemprego.com.br\/?p=3457","title":{"rendered":"Est\u00e1gio em Engenharia de Produ\u00e7\u00e3o \/ Administra\u00e7\u00e3o \/ Log\u00edstica &#8211; Administra\u00e7\u00e3o &#8211; Rio de Janeiro"},"content":{"rendered":"<p>* Gerir e manter o invent\u00e1rio de todas as ferramentas e m\u00e1quinas atualizados;<br \/>\n* Garantir que todas as ferramentas e m\u00e1quinas estejam em boas condi\u00e7\u00f5es de funcionamento;<br \/>\n* Trabalhar com a equipe para ver as devidas necessidades de ferramentas e m\u00e1quinas;<br \/>\n* Acompanhar para que as pol\u00edticas estejam atualizadas e sendo usadas;<br \/>\n* Cota\u00e7\u00e3o e compra de ferramentas para reposi\u00e7\u00e3o das necessidades;<br \/>\n* Acompanhar as revis\u00f5es peri\u00f3dicas e manuten\u00e7\u00f5es preventivas das m\u00e1quinas;<br \/>\n* Realizar negocia\u00e7\u00f5es e agendamentos com t\u00e9cnicos para reparos das m\u00e1quinas e ferramentas;<br \/>\n* Contagem e monitoramento de pneus em lojas<br \/>\n* Controle das solicita\u00e7\u00f5es e lan\u00e7amentos de servi\u00e7os alternativos<br \/>\n* Manter atualizado todo os cadastros de ferramentas e m\u00e1quinas no sistema;<br \/>\n* Manter periodicamente a atualiza\u00e7\u00e3o das listagens de ferramentas da equipe<br \/>\n* Controlar e manter o hist\u00f3rico das manuten\u00e7\u00f5es e reparos realizados;<br \/>\n* Visita mensal as lojas para confer\u00eancia de caixa de ferramentas;<br \/>\n* Verificar a necessidade de reposi\u00e7\u00e3o de material de apoio<\/p>\n<p>Necess\u00e1rio conhecimento b\u00e1sico em ferramentas (chave de fenda.. philips..) do cotidiano<\/p>\n<ul>\n<li>N\u00famero de vagas: 2<\/li>\n<li>Local de trabalho: Rio de Janeiro, RJ<\/li>\n<li>Regime de contrata\u00e7\u00e3o de tipo: Est\u00e1gio<\/li>\n<li>Jornada: Per\u00edodo Integral<\/li>\n<li>\u00c1rea e especializa\u00e7\u00e3o profissional: Administra\u00e7\u00e3o &#8211; Administra\u00e7\u00e3o Geral<\/li>\n<li>N\u00edvel hier\u00e1rquico: Estagi\u00e1rio<\/li>\n<\/ul>\n<p>HABILIDADES<\/p>\n<ul>\n<li>Proatividade e Iniciativa<\/li>\n<li>Curiosidade e Aprendizado R\u00e1pido<\/li>\n<li>Microsoft excel<\/li>\n<\/ul>\n<p>Escolaridade M\u00ednima: Ensino Superior<\/p>\n<p>Forma\u00e7\u00e3o desejada:<\/p>\n<ul>\n<li>Engenharia mec\u00e2nica\/mecatr\u00f4nica, Ensino Superior<\/li>\n<li>Log\u00edstica, Ensino Superior<\/li>\n<li>Administra\u00e7\u00e3o de empresas, Ensino Superior<\/li>\n<\/ul>\n<p>Sal\u00e1rio: 1500,0<\/p>\n","protected":false},"excerpt":{"rendered":"<p>* Gerir e manter o invent\u00e1rio de todas as ferramentas e m\u00e1quinas atualizados; * Garantir que todas as ferramentas e m\u00e1quinas estejam em boas condi\u00e7\u00f5es de funcionamento; * Trabalhar com a equipe para ver as devidas necessidades de ferramentas e m\u00e1quinas; * Acompanhar para que as pol\u00edticas estejam atualizadas e sendo usadas; * Cota\u00e7\u00e3o e [&hellip;]<\/p>\n","protected":false},"author":1,"featured_media":0,"comment_status":"open","ping_status":"open","sticky":false,"template":"","format":"standard","meta":{"footnotes":""},"categories":[21],"tags":[],"class_list":["post-3457","post","type-post","status-publish","format-standard","hentry","category-rio-de-janeiro-rj"],"_links":{"self":[{"href":"https:\/\/vagas.portalemprego.com.br\/index.php?rest_route=\/wp\/v2\/posts\/3457","targetHints":{"allow":["GET"]}}],"collection":[{"href":"https:\/\/vagas.portalemprego.com.br\/index.php?rest_route=\/wp\/v2\/posts"}],"about":[{"href":"https:\/\/vagas.portalemprego.com.br\/index.php?rest_route=\/wp\/v2\/types\/post"}],"author":[{"embeddable":true,"href":"https:\/\/vagas.portalemprego.com.br\/index.php?rest_route=\/wp\/v2\/users\/1"}],"replies":[{"embeddable":true,"href":"https:\/\/vagas.portalemprego.com.br\/index.php?rest_route=%2Fwp%2Fv2%2Fcomments&post=3457"}],"version-history":[{"count":0,"href":"https:\/\/vagas.portalemprego.com.br\/index.php?rest_route=\/wp\/v2\/posts\/3457\/revisions"}],"wp:attachment":[{"href":"https:\/\/vagas.portalemprego.com.br\/index.php?rest_route=%2Fwp%2Fv2%2Fmedia&parent=3457"}],"wp:term":[{"taxonomy":"category","embeddable":true,"href":"https:\/\/vagas.portalemprego.com.br\/index.php?rest_route=%2Fwp%2Fv2%2Fcategories&post=3457"},{"taxonomy":"post_tag","embeddable":true,"href":"https:\/\/vagas.portalemprego.com.br\/index.php?rest_route=%2Fwp%2Fv2%2Ftags&post=3457"}],"curies":[{"name":"wp","href":"https:\/\/api.w.org\/{rel}","templated":true}]}}