{"id":3466,"date":"2026-04-29T06:05:05","date_gmt":"2026-04-29T09:05:05","guid":{"rendered":"https:\/\/vagas.portalemprego.com.br\/?p=3466"},"modified":"2026-04-29T06:05:05","modified_gmt":"2026-04-29T09:05:05","slug":"ajudante-de-loja-comercial-vendas-rio-de-janeiro","status":"publish","type":"post","link":"https:\/\/vagas.portalemprego.com.br\/?p=3466","title":{"rendered":"Ajudante de Loja &#8211; Comercial, Vendas &#8211; Rio de Janeiro"},"content":{"rendered":"<p>Vaga: Ajudante de Loja &#8211; Ipanema<br \/>\nAtribui\u00e7\u00f5es:<br \/>\n \u2022 Apoiar a equipe de vendas nas rotinas da loja<br \/>\n \u2022 Organiza\u00e7\u00e3o e reposi\u00e7\u00e3o de produtos no sal\u00e3o de vendas<br \/>\n \u2022 Aux\u00edlio na organiza\u00e7\u00e3o do estoque<br \/>\n \u2022 Manuten\u00e7\u00e3o da organiza\u00e7\u00e3o e limpeza da loja<br \/>\n \u2022 Apoio no atendimento ao cliente quando necess\u00e1rio<br \/>\n \u2022 Aux\u00edlio na confer\u00eancia e recebimento de mercadorias<br \/>\nRequisitos:<br \/>\n \u2022 Ensino m\u00e9dio completo<br \/>\n \u2022 Experi\u00eancia pr\u00e9via com atendimento ou varejo ser\u00e1 um diferencial<br \/>\n \u2022 Boa comunica\u00e7\u00e3o e proatividade<br \/>\n \u2022 Facilidade para trabalhar em equipe<br \/>\n \u2022 Organiza\u00e7\u00e3o e aten\u00e7\u00e3o aos detalhes<br \/>\nEscala: 6&#215;1<br \/>\n Hor\u00e1rio: 14:00 \u00e0s 22:00<br \/>\n Sal\u00e1rio: R$ 1.870,00 (sem comiss\u00e3o)<\/p>\n<ul>\n<li>Local de trabalho: Rio de Janeiro, RJ<\/li>\n<li>Regime de contrata\u00e7\u00e3o de tipo: Efetivo \u2013 CLT<\/li>\n<li>Jornada: Per\u00edodo Integral<\/li>\n<li>\u00c1rea e especializa\u00e7\u00e3o profissional: Comercial, Vendas &#8211; Lojas \/ Shopping<\/li>\n<li>N\u00edvel hier\u00e1rquico: Operacional<\/li>\n<\/ul>\n<p>Escolaridade M\u00ednima: Ensino M\u00e9dio (2\u00ba Grau)<\/p>\n<p>Sal\u00e1rio: 1870,0<\/p>\n","protected":false},"excerpt":{"rendered":"<p>Vaga: Ajudante de Loja &#8211; Ipanema Atribui\u00e7\u00f5es: \u2022 Apoiar a equipe de vendas nas rotinas da loja \u2022 Organiza\u00e7\u00e3o e reposi\u00e7\u00e3o de produtos no sal\u00e3o de vendas \u2022 Aux\u00edlio na organiza\u00e7\u00e3o do estoque \u2022 Manuten\u00e7\u00e3o da organiza\u00e7\u00e3o e limpeza da loja \u2022 Apoio no atendimento ao cliente quando necess\u00e1rio \u2022 Aux\u00edlio na confer\u00eancia e recebimento [&hellip;]<\/p>\n","protected":false},"author":1,"featured_media":0,"comment_status":"open","ping_status":"open","sticky":false,"template":"","format":"standard","meta":{"footnotes":""},"categories":[21],"tags":[],"class_list":["post-3466","post","type-post","status-publish","format-standard","hentry","category-rio-de-janeiro-rj"],"_links":{"self":[{"href":"https:\/\/vagas.portalemprego.com.br\/index.php?rest_route=\/wp\/v2\/posts\/3466","targetHints":{"allow":["GET"]}}],"collection":[{"href":"https:\/\/vagas.portalemprego.com.br\/index.php?rest_route=\/wp\/v2\/posts"}],"about":[{"href":"https:\/\/vagas.portalemprego.com.br\/index.php?rest_route=\/wp\/v2\/types\/post"}],"author":[{"embeddable":true,"href":"https:\/\/vagas.portalemprego.com.br\/index.php?rest_route=\/wp\/v2\/users\/1"}],"replies":[{"embeddable":true,"href":"https:\/\/vagas.portalemprego.com.br\/index.php?rest_route=%2Fwp%2Fv2%2Fcomments&post=3466"}],"version-history":[{"count":0,"href":"https:\/\/vagas.portalemprego.com.br\/index.php?rest_route=\/wp\/v2\/posts\/3466\/revisions"}],"wp:attachment":[{"href":"https:\/\/vagas.portalemprego.com.br\/index.php?rest_route=%2Fwp%2Fv2%2Fmedia&parent=3466"}],"wp:term":[{"taxonomy":"category","embeddable":true,"href":"https:\/\/vagas.portalemprego.com.br\/index.php?rest_route=%2Fwp%2Fv2%2Fcategories&post=3466"},{"taxonomy":"post_tag","embeddable":true,"href":"https:\/\/vagas.portalemprego.com.br\/index.php?rest_route=%2Fwp%2Fv2%2Ftags&post=3466"}],"curies":[{"name":"wp","href":"https:\/\/api.w.org\/{rel}","templated":true}]}}